{"id":46,"date":"2013-12-04T22:44:41","date_gmt":"2013-12-04T21:44:41","guid":{"rendered":"https:\/\/dronero.info\/news\/?p=46"},"modified":"2020-04-03T17:29:04","modified_gmt":"2020-04-03T15:29:04","slug":"bicilindriche-mostra-dronero","status":"publish","type":"post","link":"https:\/\/dronero.info\/news\/2013\/12\/04\/bicilindriche-mostra-dronero\/","title":{"rendered":"Bicilindriche in mostra a Dronero"},"content":{"rendered":"<figure id=\"attachment_53\" aria-describedby=\"caption-attachment-53\" style=\"width: 300px\" class=\"wp-caption alignleft\"><img loading=\"lazy\" decoding=\"async\" class=\"size-medium wp-image-53\" src=\"https:\/\/dronero.info\/news\/images\/2019\/11\/moto-bicilindriche-mostra-dronero-300x225.jpg\" alt=\"Moto bicilindriche in mostra a Dronero\" width=\"300\" height=\"225\" srcset=\"https:\/\/dronero.info\/news\/images\/2019\/11\/moto-bicilindriche-mostra-dronero-300x225.jpg 300w, https:\/\/dronero.info\/news\/images\/2019\/11\/moto-bicilindriche-mostra-dronero.jpg 350w\" sizes=\"auto, (max-width: 300px) 100vw, 300px\" \/><figcaption id=\"caption-attachment-53\" class=\"wp-caption-text\">Alcune moto esposte nell&#8221;edizione del 2011.<\/figcaption><\/figure>\n<p>Dronero, 04.12.2013<br \/>\nNon ci sono parole e spiegazioni che tengano, quando la moto \u00e8 una passione, non serve dire altro.<\/p>\n<p>S\u00ec perch\u00e9 a volte ci sono motivi di altro tipo a far scegliere la moto come mezzo di trasporto, per esempio l&#8217;aspetto economico oppure la manovrabilit\u00e0 estrema, che ha consentito ai centauri di portare a termine imprese, in pace ed in guerra, altrimenti impossibili.<\/p>\n<p>Ma alla passione non servono ragioni: non sono gli individui ad averla, \u00e8 lei a possederli.<br \/>\nL&#8217;Associazione motociclistica \u201cI Bal\u00f2ss\u201d ancora una volta d\u00e0 occasione agli intenditori, ma anche a chi non \u00e8 patito del genere, di vedere un pezzo di storia dell&#8217;Uomo.<\/p>\n<p>L&#8217;8 dicembre, in occasione dei Mercatini di Natale, saranno esposti a Dronero sotto l&#8217;Ala del Teatro esemplari di moto d&#8217;epoca, in una mostra dal titolo &#8220;100 anni di moto bicilindriche, dalle origini ai giorni nostri\u201d.<\/p>\n<p>Il puro entusiasmo che guida gli organizzatori, primo fra tutti il presidente Alfio Marino, li fa sperare che siano molti i proprietari di moto da strada, corsa, cross, ciclomotori e scooter che vorranno partecipare all&#8217;esposizione per condividere una comune passione. L&#8217;iscrizione \u00e8 gratuita ed il requisito essenziale \u00e8 che si tratti di una moto con motore bicilindrico, a prescindere da et\u00e0, tipo, cilindrata e nazionalit\u00e0.<\/p>\n<p>\u00c8 il terzo anno consecutivo che viene proposta una mostra a tema, ma il signor Alfio probabilmente star\u00e0 gi\u00e0 pensando alla prossima edizione di Moto storiche in salita, dimostrazione non competitiva, che nel luglio scorso per la settima volta ha visto sfilare pi\u00f9 di 100 corridori. E quella dell&#8217;estate 2014 sar\u00e0 l&#8217;ottava.<br \/>\nI.B.<br \/>\n<small>Fonte: SalaStampa.Eu &#8211; Credito Foto: \u00a9 2013 PanPress.eu. Tutti i diritti riservati. Foto: Ines Beltramo<br \/>\nInformazione di dominio pubblico<\/small><\/p>\n<div style=\"border: 2px dotted #CCC; padding:5px; margin:0; text-align:center;\"><i><small>Questo articolo \u00e8 stato offerto da:<\/small><\/i><\/p>\n<h4><a href=\"http:\/\/pirunel.tel\" target=\"_blank\" rel=\"noopener noreferrer\">Pirunel, produzioni grafiche<\/a><\/h4>\n<p>promozione attivit\u00e0, siti web, editoria e grafica in Dronero (Cuneo)<\/p>\n<\/div>\n","protected":false},"excerpt":{"rendered":"<p>Dronero, 04.12.2013 &#8211; L&#8217;8 dicembre, in occasione dei Mercatini di Natale, saranno esposti a Dronero sotto l&#8217;Ala del Teatro esemplari di moto d&#8217;epoca, in una mostra dal titolo [&#8230;]<\/p>\n","protected":false},"author":1,"featured_media":53,"comment_status":"closed","ping_status":"closed","sticky":false,"template":"","format":"standard","meta":{"footnotes":"","_links_to":"","_links_to_target":""},"categories":[3,23],"tags":[9,11,17],"class_list":["post-46","post","type-post","status-publish","format-standard","has-post-thumbnail","hentry","category-dronero","category-societa","tag-eventi","tag-mobilita","tag-mostre"],"yoast_head":"<!-- This site is optimized with the Yoast SEO plugin v27.1.1 - https:\/\/yoast.com\/product\/yoast-seo-wordpress\/ -->\n<title>Bicilindriche in mostra a Dronero - Dronero.info<\/title>\n<meta name=\"robots\" content=\"index, follow, max-snippet:-1, max-image-preview:large, max-video-preview:-1\" \/>\n<link rel=\"canonical\" href=\"https:\/\/dronero.info\/news\/2013\/12\/04\/bicilindriche-mostra-dronero\/\" \/>\n<meta property=\"og:locale\" content=\"it_IT\" \/>\n<meta property=\"og:type\" content=\"article\" \/>\n<meta property=\"og:title\" content=\"Bicilindriche in mostra a Dronero - Dronero.info\" \/>\n<meta property=\"og:description\" content=\"Dronero, 04.12.2013 - L&#039;8 dicembre, in occasione dei Mercatini di Natale, saranno esposti a Dronero sotto l&#039;Ala del Teatro esemplari di moto d&#039;epoca, in una mostra dal titolo [...]\" \/>\n<meta property=\"og:url\" content=\"https:\/\/dronero.info\/news\/2013\/12\/04\/bicilindriche-mostra-dronero\/\" \/>\n<meta property=\"og:site_name\" content=\"Dronero.info\" \/>\n<meta property=\"article:published_time\" content=\"2013-12-04T21:44:41+00:00\" \/>\n<meta property=\"article:modified_time\" content=\"2020-04-03T15:29:04+00:00\" \/>\n<meta property=\"og:image\" content=\"https:\/\/dronero.info\/news\/images\/2019\/11\/moto-bicilindriche-mostra-dronero.jpg\" \/>\n\t<meta property=\"og:image:width\" content=\"350\" \/>\n\t<meta property=\"og:image:height\" content=\"263\" \/>\n\t<meta property=\"og:image:type\" content=\"image\/jpeg\" \/>\n<meta name=\"author\" content=\"rubines\" \/>\n<meta name=\"twitter:card\" content=\"summary_large_image\" \/>\n<meta name=\"twitter:label1\" content=\"Scritto da\" \/>\n\t<meta name=\"twitter:data1\" content=\"rubines\" \/>\n\t<meta name=\"twitter:label2\" content=\"Tempo di lettura stimato\" \/>\n\t<meta name=\"twitter:data2\" content=\"2 minuti\" \/>\n<script type=\"application\/ld+json\" class=\"yoast-schema-graph\">{\"@context\":\"https:\/\/schema.org\",\"@graph\":[{\"@type\":\"Article\",\"@id\":\"https:\/\/dronero.info\/news\/2013\/12\/04\/bicilindriche-mostra-dronero\/#article\",\"isPartOf\":{\"@id\":\"https:\/\/dronero.info\/news\/2013\/12\/04\/bicilindriche-mostra-dronero\/\"},\"author\":{\"name\":\"rubines\",\"@id\":\"https:\/\/dronero.info\/news\/#\/schema\/person\/1c3c7855ceeebd1edb28810e7e80a061\"},\"headline\":\"Bicilindriche in mostra a Dronero\",\"datePublished\":\"2013-12-04T21:44:41+00:00\",\"dateModified\":\"2020-04-03T15:29:04+00:00\",\"mainEntityOfPage\":{\"@id\":\"https:\/\/dronero.info\/news\/2013\/12\/04\/bicilindriche-mostra-dronero\/\"},\"wordCount\":316,\"image\":{\"@id\":\"https:\/\/dronero.info\/news\/2013\/12\/04\/bicilindriche-mostra-dronero\/#primaryimage\"},\"thumbnailUrl\":\"https:\/\/dronero.info\/news\/images\/2019\/11\/moto-bicilindriche-mostra-dronero.jpg\",\"keywords\":[\"eventi\",\"mobilit\u00e0\",\"mostre\"],\"articleSection\":[\"Dronero\",\"Societ\u00e0\"],\"inLanguage\":\"it-IT\"},{\"@type\":\"WebPage\",\"@id\":\"https:\/\/dronero.info\/news\/2013\/12\/04\/bicilindriche-mostra-dronero\/\",\"url\":\"https:\/\/dronero.info\/news\/2013\/12\/04\/bicilindriche-mostra-dronero\/\",\"name\":\"Bicilindriche in mostra a Dronero - Dronero.info\",\"isPartOf\":{\"@id\":\"https:\/\/dronero.info\/news\/#website\"},\"primaryImageOfPage\":{\"@id\":\"https:\/\/dronero.info\/news\/2013\/12\/04\/bicilindriche-mostra-dronero\/#primaryimage\"},\"image\":{\"@id\":\"https:\/\/dronero.info\/news\/2013\/12\/04\/bicilindriche-mostra-dronero\/#primaryimage\"},\"thumbnailUrl\":\"https:\/\/dronero.info\/news\/images\/2019\/11\/moto-bicilindriche-mostra-dronero.jpg\",\"datePublished\":\"2013-12-04T21:44:41+00:00\",\"dateModified\":\"2020-04-03T15:29:04+00:00\",\"author\":{\"@id\":\"https:\/\/dronero.info\/news\/#\/schema\/person\/1c3c7855ceeebd1edb28810e7e80a061\"},\"breadcrumb\":{\"@id\":\"https:\/\/dronero.info\/news\/2013\/12\/04\/bicilindriche-mostra-dronero\/#breadcrumb\"},\"inLanguage\":\"it-IT\",\"potentialAction\":[{\"@type\":\"ReadAction\",\"target\":[\"https:\/\/dronero.info\/news\/2013\/12\/04\/bicilindriche-mostra-dronero\/\"]}]},{\"@type\":\"ImageObject\",\"inLanguage\":\"it-IT\",\"@id\":\"https:\/\/dronero.info\/news\/2013\/12\/04\/bicilindriche-mostra-dronero\/#primaryimage\",\"url\":\"https:\/\/dronero.info\/news\/images\/2019\/11\/moto-bicilindriche-mostra-dronero.jpg\",\"contentUrl\":\"https:\/\/dronero.info\/news\/images\/2019\/11\/moto-bicilindriche-mostra-dronero.jpg\",\"width\":350,\"height\":263,\"caption\":\"Alcune moto esposte nell''edizione del 2011.\"},{\"@type\":\"BreadcrumbList\",\"@id\":\"https:\/\/dronero.info\/news\/2013\/12\/04\/bicilindriche-mostra-dronero\/#breadcrumb\",\"itemListElement\":[{\"@type\":\"ListItem\",\"position\":1,\"name\":\"Home\",\"item\":\"https:\/\/dronero.info\/news\/\"},{\"@type\":\"ListItem\",\"position\":2,\"name\":\"Bicilindriche in mostra a Dronero\"}]},{\"@type\":\"WebSite\",\"@id\":\"https:\/\/dronero.info\/news\/#website\",\"url\":\"https:\/\/dronero.info\/news\/\",\"name\":\"Dronero.info\",\"description\":\"Notizie che meritano diffusione\",\"potentialAction\":[{\"@type\":\"SearchAction\",\"target\":{\"@type\":\"EntryPoint\",\"urlTemplate\":\"https:\/\/dronero.info\/news\/?s={search_term_string}\"},\"query-input\":{\"@type\":\"PropertyValueSpecification\",\"valueRequired\":true,\"valueName\":\"search_term_string\"}}],\"inLanguage\":\"it-IT\"},{\"@type\":\"Person\",\"@id\":\"https:\/\/dronero.info\/news\/#\/schema\/person\/1c3c7855ceeebd1edb28810e7e80a061\",\"name\":\"rubines\",\"image\":{\"@type\":\"ImageObject\",\"inLanguage\":\"it-IT\",\"@id\":\"https:\/\/dronero.info\/news\/#\/schema\/person\/image\/\",\"url\":\"https:\/\/secure.gravatar.com\/avatar\/c2f0e0d515a107624234994507816ca4724c7199cef73fc8bedebf6931d73888?s=96&d=mm&r=g\",\"contentUrl\":\"https:\/\/secure.gravatar.com\/avatar\/c2f0e0d515a107624234994507816ca4724c7199cef73fc8bedebf6931d73888?s=96&d=mm&r=g\",\"caption\":\"rubines\"},\"url\":\"https:\/\/dronero.info\/news\/author\/rubines\/\"}]}<\/script>\n<!-- \/ Yoast SEO plugin. -->","yoast_head_json":{"title":"Bicilindriche in mostra a Dronero - Dronero.info","robots":{"index":"index","follow":"follow","max-snippet":"max-snippet:-1","max-image-preview":"max-image-preview:large","max-video-preview":"max-video-preview:-1"},"canonical":"https:\/\/dronero.info\/news\/2013\/12\/04\/bicilindriche-mostra-dronero\/","og_locale":"it_IT","og_type":"article","og_title":"Bicilindriche in mostra a Dronero - Dronero.info","og_description":"Dronero, 04.12.2013 - L'8 dicembre, in occasione dei Mercatini di Natale, saranno esposti a Dronero sotto l'Ala del Teatro esemplari di moto d'epoca, in una mostra dal titolo [...]","og_url":"https:\/\/dronero.info\/news\/2013\/12\/04\/bicilindriche-mostra-dronero\/","og_site_name":"Dronero.info","article_published_time":"2013-12-04T21:44:41+00:00","article_modified_time":"2020-04-03T15:29:04+00:00","og_image":[{"width":350,"height":263,"url":"https:\/\/dronero.info\/news\/images\/2019\/11\/moto-bicilindriche-mostra-dronero.jpg","type":"image\/jpeg"}],"author":"rubines","twitter_card":"summary_large_image","twitter_misc":{"Scritto da":"rubines","Tempo di lettura stimato":"2 minuti"},"schema":{"@context":"https:\/\/schema.org","@graph":[{"@type":"Article","@id":"https:\/\/dronero.info\/news\/2013\/12\/04\/bicilindriche-mostra-dronero\/#article","isPartOf":{"@id":"https:\/\/dronero.info\/news\/2013\/12\/04\/bicilindriche-mostra-dronero\/"},"author":{"name":"rubines","@id":"https:\/\/dronero.info\/news\/#\/schema\/person\/1c3c7855ceeebd1edb28810e7e80a061"},"headline":"Bicilindriche in mostra a Dronero","datePublished":"2013-12-04T21:44:41+00:00","dateModified":"2020-04-03T15:29:04+00:00","mainEntityOfPage":{"@id":"https:\/\/dronero.info\/news\/2013\/12\/04\/bicilindriche-mostra-dronero\/"},"wordCount":316,"image":{"@id":"https:\/\/dronero.info\/news\/2013\/12\/04\/bicilindriche-mostra-dronero\/#primaryimage"},"thumbnailUrl":"https:\/\/dronero.info\/news\/images\/2019\/11\/moto-bicilindriche-mostra-dronero.jpg","keywords":["eventi","mobilit\u00e0","mostre"],"articleSection":["Dronero","Societ\u00e0"],"inLanguage":"it-IT"},{"@type":"WebPage","@id":"https:\/\/dronero.info\/news\/2013\/12\/04\/bicilindriche-mostra-dronero\/","url":"https:\/\/dronero.info\/news\/2013\/12\/04\/bicilindriche-mostra-dronero\/","name":"Bicilindriche in mostra a Dronero - Dronero.info","isPartOf":{"@id":"https:\/\/dronero.info\/news\/#website"},"primaryImageOfPage":{"@id":"https:\/\/dronero.info\/news\/2013\/12\/04\/bicilindriche-mostra-dronero\/#primaryimage"},"image":{"@id":"https:\/\/dronero.info\/news\/2013\/12\/04\/bicilindriche-mostra-dronero\/#primaryimage"},"thumbnailUrl":"https:\/\/dronero.info\/news\/images\/2019\/11\/moto-bicilindriche-mostra-dronero.jpg","datePublished":"2013-12-04T21:44:41+00:00","dateModified":"2020-04-03T15:29:04+00:00","author":{"@id":"https:\/\/dronero.info\/news\/#\/schema\/person\/1c3c7855ceeebd1edb28810e7e80a061"},"breadcrumb":{"@id":"https:\/\/dronero.info\/news\/2013\/12\/04\/bicilindriche-mostra-dronero\/#breadcrumb"},"inLanguage":"it-IT","potentialAction":[{"@type":"ReadAction","target":["https:\/\/dronero.info\/news\/2013\/12\/04\/bicilindriche-mostra-dronero\/"]}]},{"@type":"ImageObject","inLanguage":"it-IT","@id":"https:\/\/dronero.info\/news\/2013\/12\/04\/bicilindriche-mostra-dronero\/#primaryimage","url":"https:\/\/dronero.info\/news\/images\/2019\/11\/moto-bicilindriche-mostra-dronero.jpg","contentUrl":"https:\/\/dronero.info\/news\/images\/2019\/11\/moto-bicilindriche-mostra-dronero.jpg","width":350,"height":263,"caption":"Alcune moto esposte nell''edizione del 2011."},{"@type":"BreadcrumbList","@id":"https:\/\/dronero.info\/news\/2013\/12\/04\/bicilindriche-mostra-dronero\/#breadcrumb","itemListElement":[{"@type":"ListItem","position":1,"name":"Home","item":"https:\/\/dronero.info\/news\/"},{"@type":"ListItem","position":2,"name":"Bicilindriche in mostra a Dronero"}]},{"@type":"WebSite","@id":"https:\/\/dronero.info\/news\/#website","url":"https:\/\/dronero.info\/news\/","name":"Dronero.info","description":"Notizie che meritano diffusione","potentialAction":[{"@type":"SearchAction","target":{"@type":"EntryPoint","urlTemplate":"https:\/\/dronero.info\/news\/?s={search_term_string}"},"query-input":{"@type":"PropertyValueSpecification","valueRequired":true,"valueName":"search_term_string"}}],"inLanguage":"it-IT"},{"@type":"Person","@id":"https:\/\/dronero.info\/news\/#\/schema\/person\/1c3c7855ceeebd1edb28810e7e80a061","name":"rubines","image":{"@type":"ImageObject","inLanguage":"it-IT","@id":"https:\/\/dronero.info\/news\/#\/schema\/person\/image\/","url":"https:\/\/secure.gravatar.com\/avatar\/c2f0e0d515a107624234994507816ca4724c7199cef73fc8bedebf6931d73888?s=96&d=mm&r=g","contentUrl":"https:\/\/secure.gravatar.com\/avatar\/c2f0e0d515a107624234994507816ca4724c7199cef73fc8bedebf6931d73888?s=96&d=mm&r=g","caption":"rubines"},"url":"https:\/\/dronero.info\/news\/author\/rubines\/"}]}},"views":822,"_links":{"self":[{"href":"https:\/\/dronero.info\/news\/wp-json\/wp\/v2\/posts\/46","targetHints":{"allow":["GET"]}}],"collection":[{"href":"https:\/\/dronero.info\/news\/wp-json\/wp\/v2\/posts"}],"about":[{"href":"https:\/\/dronero.info\/news\/wp-json\/wp\/v2\/types\/post"}],"author":[{"embeddable":true,"href":"https:\/\/dronero.info\/news\/wp-json\/wp\/v2\/users\/1"}],"replies":[{"embeddable":true,"href":"https:\/\/dronero.info\/news\/wp-json\/wp\/v2\/comments?post=46"}],"version-history":[{"count":0,"href":"https:\/\/dronero.info\/news\/wp-json\/wp\/v2\/posts\/46\/revisions"}],"wp:featuredmedia":[{"embeddable":true,"href":"https:\/\/dronero.info\/news\/wp-json\/wp\/v2\/media\/53"}],"wp:attachment":[{"href":"https:\/\/dronero.info\/news\/wp-json\/wp\/v2\/media?parent=46"}],"wp:term":[{"taxonomy":"category","embeddable":true,"href":"https:\/\/dronero.info\/news\/wp-json\/wp\/v2\/categories?post=46"},{"taxonomy":"post_tag","embeddable":true,"href":"https:\/\/dronero.info\/news\/wp-json\/wp\/v2\/tags?post=46"}],"curies":[{"name":"wp","href":"https:\/\/api.w.org\/{rel}","templated":true}]}}