{"id":41,"date":"2013-11-19T21:26:30","date_gmt":"2013-11-19T20:26:30","guid":{"rendered":"https:\/\/dronero.info\/news\/?p=41"},"modified":"2020-04-03T17:28:07","modified_gmt":"2020-04-03T15:28:07","slug":"trenitalia-treni-taglia","status":"publish","type":"post","link":"https:\/\/dronero.info\/news\/2013\/11\/19\/trenitalia-treni-taglia\/","title":{"rendered":"Si scrive Trenitalia, si legge Treni-Taglia"},"content":{"rendered":"<figure id=\"attachment_42\" aria-describedby=\"caption-attachment-42\" style=\"width: 300px\" class=\"wp-caption alignleft\"><img loading=\"lazy\" decoding=\"async\" class=\"size-medium wp-image-42\" src=\"https:\/\/dronero.info\/news\/images\/2019\/11\/ferrovia-cuneo-ventimiglia-nizza-300x300.jpg\" alt=\"treno-cuneo-nizza\" width=\"300\" height=\"300\" srcset=\"https:\/\/dronero.info\/news\/images\/2019\/11\/ferrovia-cuneo-ventimiglia-nizza-300x300.jpg 300w, https:\/\/dronero.info\/news\/images\/2019\/11\/ferrovia-cuneo-ventimiglia-nizza-150x150.jpg 150w, https:\/\/dronero.info\/news\/images\/2019\/11\/ferrovia-cuneo-ventimiglia-nizza.jpg 350w\" sizes=\"auto, (max-width: 300px) 100vw, 300px\" \/><figcaption id=\"caption-attachment-42\" class=\"wp-caption-text\">Trenitalia Treni-taglia, con una drastica riduzione anche di linee importanti.<\/figcaption><\/figure>\n<p>Piemonte Oggi, 19 novembre 2013<br \/>\nGiunti alla vigilia di un cruciale e decisivo vertice intergovernativo Italia-Francia programmato per il 20 novembre, tra il primo ministro Enrico Letta ed il presidente Francois Hollande, possiamo soltanto raccontare di un discreto bagaglio di tentativi fin&#8217;ora inconcludenti per salvare la linea Cuneo-Nizza.<\/p>\n<p>Tra i pi\u00f9 recenti, lo scorso luglio al Centro Incontri della Provincia di Cuneo c&#8217;\u00e8 stato un convegno in cui era emersa una unanime volont\u00e0 delle forze politiche locali al rilancio della ferrovia &#8220;Cuneo-Ventimiglia-Nizza&#8221;.<\/p>\n<p>Gianna Gancia, Presidente della Provincia dal 2009, rappresentante della Lega Nord, aveva in quell&#8217;occasione dichiarato: &#8220;Quello di oggi \u00e8 un momento importante per far sentire la nostra voce e l\u2019occasione per passare dalle proteste alle proposte, facendo pressione affinch\u00e8 i due Governi, cui compete la valorizzazione di una linea ferroviaria internazionale storica definibile meglio come la Torino-Nizza, possano far proprie le tante istanze pervenute dal territorio. Come Provincia abbiamo firmato a ottobre dell\u2019anno scorso a Nizza il protocollo d\u2019intesa con i francesi per potenziare e valorizzare la linea. Il collegamento \u00e8 fondamentale per le relazioni transfrontaliere e lo sviluppo economico e turistico dei territori serviti; interverremo presso i nostri rispettivi Governi italiano e francese affinch\u00e8 il progetto sia inserito nel finanziamento europeo 2014-2020 e faremo arrivare la nostra unione di intenti al Parlamento europeo\u201d.<\/p>\n<p>Da parte francese, si era pronunciato in modo favorevole Philippe Mussi, consigliere regionale di Provence Cote d\u2019Azur, dichiarando interesse per i progetti di gestione e di promozione della linea.<\/p>\n<p>A fine luglio, al termine di un tavolo di lavoro convocato in Provincia, era stata redatta una lettera al ministro degli Affari Esteri Emma Bonino e al ministro ai Trasporti e Infrastrutture Maurizio Lupi.<\/p>\n<p>A fine agosto Christian Estrosi, ex presidente del consiglio generale delle Alpi Marittime, pi\u00f9 volte ministro nei passati governi ed attualmente sindaco di Nizza, in una lettera alla presidente Gancia aveva definito la linea &#8220;simbolo dell&#8217;unit\u00e0 europea&#8221; ed insieme al deputato europeo Gaston Franco aveva interessato alla questione il ministro francese con delega ai Trasporti Fr\u00e9d\u00e9ric Cuvillier, caldeggiando una negoziazione con lo Stato italiano.<\/p>\n<p>Ad inizio ottobre, durante un Question Time a risposta immediata, il segretario regionale PD Elio Rostagno aveva chiesto quali fossero le intenzioni della Regione in merito alla gestione del servizio sulla tratta in questione a Barbara Bonino, Coordinatrice Provinciale PDL Torino, Vicepresidente del Consiglio Provinciale, ed Assessore Regionale ai Trasporti ed alle Infrastrutture. Nella risposta lei aveva parlato di una linea Torino-Cuneo-Ventimiglia-Nizza, facendo quindi pensare che ci fosse speranza di elevarla a linea nazionale anzich\u00e9 meramente regionale.<\/p>\n<p>Trenitalia ha chiuso da poco l&#8217;officina riparazione locomotive della stazione di Cuneo, e per dicembre \u00e8 gi\u00e0 stata programmata la riduzione delle corse dei treni Cuneo-Nizza da 16 a 4 ed anche la chiusura del Deposito locomotive.<\/p>\n<p>Il Comitato Ferrovie Locali di Cuneo si rammarica del fatto che sabato 9 novembre, all&#8217;incontro organizzato dal presidio permanente in difesa della Cuneo-Nizza presso la stazione del capoluogo, a cui erano stati invitati i parlamentari eletti in tutta la provincia, non fossero presenti esponenti n\u00e8 del PDL n\u00e8 della Lega Nord, senza che nemmeno fosse stato comunicato il motivo della loro assenza.<\/p>\n<p>I politici presenti, tra cui la senatrice Patrizia Manassero (PD), i deputati Chiara Gribaudo (PD), Fabio Lavagno (SEL), Paolo Romano (M5S) che sostituiva Fabiana Dadone (M5S), mentre il senatore Andrea Olivero (SCpI) giustificava la propria assenza, il consigliere regionale Fabrizio Biol\u00e8, il consigliere provinciale Piermario Giordano ed i consiglieri comunali Gigi Garelli ed Manuele Isoardi, hanno fatto il punto della situazione, esponendo ai cittadini presenti le iniziative intraprese.<\/p>\n<p>Hanno menzionato un emendamento alla legge di stabilit\u00e0 presentato recentemente al Senato, firmato Olivero-Manassero, per la copertura finanziaria delle opere di manutenzione necessarie alla linea.<br \/>\n\u00c8 stato anche ricordato un Ordine del giorno del deputato Ivan Catalano (M5S) in Commissione trasporti alla Camera (seduta 97 del 15.10.2013, IX Commissione) in cui si proponeva di reperire le risorse per la Cuneo-Nizza tra i finanziamenti destinati al terzo valico dei Giovi (nuova linea alta velocit\u00e0 Milano-Genova).<\/p>\n<p>Il comitato ha chiesto a tutti i Consigli comunali della Provincia di Cuneo di approvare una delibera in favore della linea Cuneo-Nizza da portare a Roma il 20 Novembre, data in cui \u00e8 stata organizzata una mobilitazione verso la capitale per sostenere con la presenza il Tavolo Intergovernativo Italia e Francia, in cui saranno rivisti i trattati del 1970 e le questioni riguardanti la gestione della Cuneo-Nizza.<\/p>\n<p>Fin qua solo tante parole. Speriamo che il \u201cTrain des Merveilles\u201d il giorno 20 novembre 2013, nelle trattative per la sua sopravvivenza, riesca veramente a strappare meraviglie di risultati.<\/p>\n<p>\u00a9 2013 Dolores de La Press. Tutti i diritti riservati.<br \/>\n<small><a href=\"mailto:mariadoloresdelapress@gmail.com\">Vietata la riproduzione totale o parziale di questo articolo senza l&#8217;autorizzazione esplicita dell&#8217;autore.<\/a><\/small><\/p>\n<p><small>Fonte: SalaStampa.Eu<br \/>\nFotomontaggio: Dolores de La Press<\/small><br \/>\n<small>Informazione di dominio pubblico<\/small><\/p>\n<div style=\"border: 2px dotted #CCC; padding:5px; margin:0; text-align:center;\"><i><small>Questo articolo \u00e8 stato offerto da:<\/small><\/i><\/p>\n<h4><a href=\"http:\/\/pirunel.tel\" target=\"_blank\" rel=\"noopener noreferrer\">Pirunel, produzioni grafiche<\/a><\/h4>\n<p>promozione attivit\u00e0, siti web, editoria e grafica in Dronero (Cuneo)<\/p>\n<\/div>\n","protected":false},"excerpt":{"rendered":"<p>Italia Oggi, 14 novembre 2013 &#8211; Da un convegno tenutosi lo scorso giugno al Centro Incontri della Provincia era emersa una unanime volont\u00e0 delle forze politiche [&#8230;]<\/p>\n","protected":false},"author":1,"featured_media":42,"comment_status":"closed","ping_status":"closed","sticky":false,"template":"","format":"standard","meta":{"footnotes":"","_links_to":"","_links_to_target":""},"categories":[7,23],"tags":[11],"class_list":["post-41","post","type-post","status-publish","format-standard","has-post-thumbnail","hentry","category-italia","category-societa","tag-mobilita"],"yoast_head":"<!-- This site is optimized with the Yoast SEO plugin v27.1.1 - https:\/\/yoast.com\/product\/yoast-seo-wordpress\/ -->\n<title>Si scrive Trenitalia, si legge Treni-Taglia - Dronero.info<\/title>\n<meta name=\"robots\" content=\"index, follow, max-snippet:-1, max-image-preview:large, max-video-preview:-1\" \/>\n<link rel=\"canonical\" href=\"https:\/\/dronero.info\/news\/2013\/11\/19\/trenitalia-treni-taglia\/\" \/>\n<meta property=\"og:locale\" content=\"it_IT\" \/>\n<meta property=\"og:type\" content=\"article\" \/>\n<meta property=\"og:title\" content=\"Si scrive Trenitalia, si legge Treni-Taglia - Dronero.info\" \/>\n<meta property=\"og:description\" content=\"Italia Oggi, 14 novembre 2013 - Da un convegno tenutosi lo scorso giugno al Centro Incontri della Provincia era emersa una unanime volont\u00e0 delle forze politiche [...]\" \/>\n<meta property=\"og:url\" content=\"https:\/\/dronero.info\/news\/2013\/11\/19\/trenitalia-treni-taglia\/\" \/>\n<meta property=\"og:site_name\" content=\"Dronero.info\" \/>\n<meta property=\"article:published_time\" content=\"2013-11-19T20:26:30+00:00\" \/>\n<meta property=\"article:modified_time\" content=\"2020-04-03T15:28:07+00:00\" \/>\n<meta property=\"og:image\" content=\"https:\/\/dronero.info\/news\/images\/2019\/11\/ferrovia-cuneo-ventimiglia-nizza.jpg\" \/>\n\t<meta property=\"og:image:width\" content=\"350\" \/>\n\t<meta property=\"og:image:height\" content=\"350\" \/>\n\t<meta property=\"og:image:type\" content=\"image\/jpeg\" \/>\n<meta name=\"author\" content=\"rubines\" \/>\n<meta name=\"twitter:card\" content=\"summary_large_image\" \/>\n<meta name=\"twitter:label1\" content=\"Scritto da\" \/>\n\t<meta name=\"twitter:data1\" content=\"rubines\" \/>\n\t<meta name=\"twitter:label2\" content=\"Tempo di lettura stimato\" \/>\n\t<meta name=\"twitter:data2\" content=\"4 minuti\" \/>\n<script type=\"application\/ld+json\" class=\"yoast-schema-graph\">{\"@context\":\"https:\/\/schema.org\",\"@graph\":[{\"@type\":\"Article\",\"@id\":\"https:\/\/dronero.info\/news\/2013\/11\/19\/trenitalia-treni-taglia\/#article\",\"isPartOf\":{\"@id\":\"https:\/\/dronero.info\/news\/2013\/11\/19\/trenitalia-treni-taglia\/\"},\"author\":{\"name\":\"rubines\",\"@id\":\"https:\/\/dronero.info\/news\/#\/schema\/person\/1c3c7855ceeebd1edb28810e7e80a061\"},\"headline\":\"Si scrive Trenitalia, si legge Treni-Taglia\",\"datePublished\":\"2013-11-19T20:26:30+00:00\",\"dateModified\":\"2020-04-03T15:28:07+00:00\",\"mainEntityOfPage\":{\"@id\":\"https:\/\/dronero.info\/news\/2013\/11\/19\/trenitalia-treni-taglia\/\"},\"wordCount\":829,\"image\":{\"@id\":\"https:\/\/dronero.info\/news\/2013\/11\/19\/trenitalia-treni-taglia\/#primaryimage\"},\"thumbnailUrl\":\"https:\/\/dronero.info\/news\/images\/2019\/11\/ferrovia-cuneo-ventimiglia-nizza.jpg\",\"keywords\":[\"mobilit\u00e0\"],\"articleSection\":[\"Italia\",\"Societ\u00e0\"],\"inLanguage\":\"it-IT\"},{\"@type\":\"WebPage\",\"@id\":\"https:\/\/dronero.info\/news\/2013\/11\/19\/trenitalia-treni-taglia\/\",\"url\":\"https:\/\/dronero.info\/news\/2013\/11\/19\/trenitalia-treni-taglia\/\",\"name\":\"Si scrive Trenitalia, si legge Treni-Taglia - Dronero.info\",\"isPartOf\":{\"@id\":\"https:\/\/dronero.info\/news\/#website\"},\"primaryImageOfPage\":{\"@id\":\"https:\/\/dronero.info\/news\/2013\/11\/19\/trenitalia-treni-taglia\/#primaryimage\"},\"image\":{\"@id\":\"https:\/\/dronero.info\/news\/2013\/11\/19\/trenitalia-treni-taglia\/#primaryimage\"},\"thumbnailUrl\":\"https:\/\/dronero.info\/news\/images\/2019\/11\/ferrovia-cuneo-ventimiglia-nizza.jpg\",\"datePublished\":\"2013-11-19T20:26:30+00:00\",\"dateModified\":\"2020-04-03T15:28:07+00:00\",\"author\":{\"@id\":\"https:\/\/dronero.info\/news\/#\/schema\/person\/1c3c7855ceeebd1edb28810e7e80a061\"},\"breadcrumb\":{\"@id\":\"https:\/\/dronero.info\/news\/2013\/11\/19\/trenitalia-treni-taglia\/#breadcrumb\"},\"inLanguage\":\"it-IT\",\"potentialAction\":[{\"@type\":\"ReadAction\",\"target\":[\"https:\/\/dronero.info\/news\/2013\/11\/19\/trenitalia-treni-taglia\/\"]}]},{\"@type\":\"ImageObject\",\"inLanguage\":\"it-IT\",\"@id\":\"https:\/\/dronero.info\/news\/2013\/11\/19\/trenitalia-treni-taglia\/#primaryimage\",\"url\":\"https:\/\/dronero.info\/news\/images\/2019\/11\/ferrovia-cuneo-ventimiglia-nizza.jpg\",\"contentUrl\":\"https:\/\/dronero.info\/news\/images\/2019\/11\/ferrovia-cuneo-ventimiglia-nizza.jpg\",\"width\":350,\"height\":350,\"caption\":\"Trenitalia Treni-taglia, con una drastica riduzione anche di linee importanti.\"},{\"@type\":\"BreadcrumbList\",\"@id\":\"https:\/\/dronero.info\/news\/2013\/11\/19\/trenitalia-treni-taglia\/#breadcrumb\",\"itemListElement\":[{\"@type\":\"ListItem\",\"position\":1,\"name\":\"Home\",\"item\":\"https:\/\/dronero.info\/news\/\"},{\"@type\":\"ListItem\",\"position\":2,\"name\":\"Si scrive Trenitalia, si legge Treni-Taglia\"}]},{\"@type\":\"WebSite\",\"@id\":\"https:\/\/dronero.info\/news\/#website\",\"url\":\"https:\/\/dronero.info\/news\/\",\"name\":\"Dronero.info\",\"description\":\"Notizie che meritano diffusione\",\"potentialAction\":[{\"@type\":\"SearchAction\",\"target\":{\"@type\":\"EntryPoint\",\"urlTemplate\":\"https:\/\/dronero.info\/news\/?s={search_term_string}\"},\"query-input\":{\"@type\":\"PropertyValueSpecification\",\"valueRequired\":true,\"valueName\":\"search_term_string\"}}],\"inLanguage\":\"it-IT\"},{\"@type\":\"Person\",\"@id\":\"https:\/\/dronero.info\/news\/#\/schema\/person\/1c3c7855ceeebd1edb28810e7e80a061\",\"name\":\"rubines\",\"image\":{\"@type\":\"ImageObject\",\"inLanguage\":\"it-IT\",\"@id\":\"https:\/\/dronero.info\/news\/#\/schema\/person\/image\/\",\"url\":\"https:\/\/secure.gravatar.com\/avatar\/c2f0e0d515a107624234994507816ca4724c7199cef73fc8bedebf6931d73888?s=96&d=mm&r=g\",\"contentUrl\":\"https:\/\/secure.gravatar.com\/avatar\/c2f0e0d515a107624234994507816ca4724c7199cef73fc8bedebf6931d73888?s=96&d=mm&r=g\",\"caption\":\"rubines\"},\"url\":\"https:\/\/dronero.info\/news\/author\/rubines\/\"}]}<\/script>\n<!-- \/ Yoast SEO plugin. -->","yoast_head_json":{"title":"Si scrive Trenitalia, si legge Treni-Taglia - Dronero.info","robots":{"index":"index","follow":"follow","max-snippet":"max-snippet:-1","max-image-preview":"max-image-preview:large","max-video-preview":"max-video-preview:-1"},"canonical":"https:\/\/dronero.info\/news\/2013\/11\/19\/trenitalia-treni-taglia\/","og_locale":"it_IT","og_type":"article","og_title":"Si scrive Trenitalia, si legge Treni-Taglia - Dronero.info","og_description":"Italia Oggi, 14 novembre 2013 - Da un convegno tenutosi lo scorso giugno al Centro Incontri della Provincia era emersa una unanime volont\u00e0 delle forze politiche [...]","og_url":"https:\/\/dronero.info\/news\/2013\/11\/19\/trenitalia-treni-taglia\/","og_site_name":"Dronero.info","article_published_time":"2013-11-19T20:26:30+00:00","article_modified_time":"2020-04-03T15:28:07+00:00","og_image":[{"width":350,"height":350,"url":"https:\/\/dronero.info\/news\/images\/2019\/11\/ferrovia-cuneo-ventimiglia-nizza.jpg","type":"image\/jpeg"}],"author":"rubines","twitter_card":"summary_large_image","twitter_misc":{"Scritto da":"rubines","Tempo di lettura stimato":"4 minuti"},"schema":{"@context":"https:\/\/schema.org","@graph":[{"@type":"Article","@id":"https:\/\/dronero.info\/news\/2013\/11\/19\/trenitalia-treni-taglia\/#article","isPartOf":{"@id":"https:\/\/dronero.info\/news\/2013\/11\/19\/trenitalia-treni-taglia\/"},"author":{"name":"rubines","@id":"https:\/\/dronero.info\/news\/#\/schema\/person\/1c3c7855ceeebd1edb28810e7e80a061"},"headline":"Si scrive Trenitalia, si legge Treni-Taglia","datePublished":"2013-11-19T20:26:30+00:00","dateModified":"2020-04-03T15:28:07+00:00","mainEntityOfPage":{"@id":"https:\/\/dronero.info\/news\/2013\/11\/19\/trenitalia-treni-taglia\/"},"wordCount":829,"image":{"@id":"https:\/\/dronero.info\/news\/2013\/11\/19\/trenitalia-treni-taglia\/#primaryimage"},"thumbnailUrl":"https:\/\/dronero.info\/news\/images\/2019\/11\/ferrovia-cuneo-ventimiglia-nizza.jpg","keywords":["mobilit\u00e0"],"articleSection":["Italia","Societ\u00e0"],"inLanguage":"it-IT"},{"@type":"WebPage","@id":"https:\/\/dronero.info\/news\/2013\/11\/19\/trenitalia-treni-taglia\/","url":"https:\/\/dronero.info\/news\/2013\/11\/19\/trenitalia-treni-taglia\/","name":"Si scrive Trenitalia, si legge Treni-Taglia - Dronero.info","isPartOf":{"@id":"https:\/\/dronero.info\/news\/#website"},"primaryImageOfPage":{"@id":"https:\/\/dronero.info\/news\/2013\/11\/19\/trenitalia-treni-taglia\/#primaryimage"},"image":{"@id":"https:\/\/dronero.info\/news\/2013\/11\/19\/trenitalia-treni-taglia\/#primaryimage"},"thumbnailUrl":"https:\/\/dronero.info\/news\/images\/2019\/11\/ferrovia-cuneo-ventimiglia-nizza.jpg","datePublished":"2013-11-19T20:26:30+00:00","dateModified":"2020-04-03T15:28:07+00:00","author":{"@id":"https:\/\/dronero.info\/news\/#\/schema\/person\/1c3c7855ceeebd1edb28810e7e80a061"},"breadcrumb":{"@id":"https:\/\/dronero.info\/news\/2013\/11\/19\/trenitalia-treni-taglia\/#breadcrumb"},"inLanguage":"it-IT","potentialAction":[{"@type":"ReadAction","target":["https:\/\/dronero.info\/news\/2013\/11\/19\/trenitalia-treni-taglia\/"]}]},{"@type":"ImageObject","inLanguage":"it-IT","@id":"https:\/\/dronero.info\/news\/2013\/11\/19\/trenitalia-treni-taglia\/#primaryimage","url":"https:\/\/dronero.info\/news\/images\/2019\/11\/ferrovia-cuneo-ventimiglia-nizza.jpg","contentUrl":"https:\/\/dronero.info\/news\/images\/2019\/11\/ferrovia-cuneo-ventimiglia-nizza.jpg","width":350,"height":350,"caption":"Trenitalia Treni-taglia, con una drastica riduzione anche di linee importanti."},{"@type":"BreadcrumbList","@id":"https:\/\/dronero.info\/news\/2013\/11\/19\/trenitalia-treni-taglia\/#breadcrumb","itemListElement":[{"@type":"ListItem","position":1,"name":"Home","item":"https:\/\/dronero.info\/news\/"},{"@type":"ListItem","position":2,"name":"Si scrive Trenitalia, si legge Treni-Taglia"}]},{"@type":"WebSite","@id":"https:\/\/dronero.info\/news\/#website","url":"https:\/\/dronero.info\/news\/","name":"Dronero.info","description":"Notizie che meritano diffusione","potentialAction":[{"@type":"SearchAction","target":{"@type":"EntryPoint","urlTemplate":"https:\/\/dronero.info\/news\/?s={search_term_string}"},"query-input":{"@type":"PropertyValueSpecification","valueRequired":true,"valueName":"search_term_string"}}],"inLanguage":"it-IT"},{"@type":"Person","@id":"https:\/\/dronero.info\/news\/#\/schema\/person\/1c3c7855ceeebd1edb28810e7e80a061","name":"rubines","image":{"@type":"ImageObject","inLanguage":"it-IT","@id":"https:\/\/dronero.info\/news\/#\/schema\/person\/image\/","url":"https:\/\/secure.gravatar.com\/avatar\/c2f0e0d515a107624234994507816ca4724c7199cef73fc8bedebf6931d73888?s=96&d=mm&r=g","contentUrl":"https:\/\/secure.gravatar.com\/avatar\/c2f0e0d515a107624234994507816ca4724c7199cef73fc8bedebf6931d73888?s=96&d=mm&r=g","caption":"rubines"},"url":"https:\/\/dronero.info\/news\/author\/rubines\/"}]}},"views":1302,"_links":{"self":[{"href":"https:\/\/dronero.info\/news\/wp-json\/wp\/v2\/posts\/41","targetHints":{"allow":["GET"]}}],"collection":[{"href":"https:\/\/dronero.info\/news\/wp-json\/wp\/v2\/posts"}],"about":[{"href":"https:\/\/dronero.info\/news\/wp-json\/wp\/v2\/types\/post"}],"author":[{"embeddable":true,"href":"https:\/\/dronero.info\/news\/wp-json\/wp\/v2\/users\/1"}],"replies":[{"embeddable":true,"href":"https:\/\/dronero.info\/news\/wp-json\/wp\/v2\/comments?post=41"}],"version-history":[{"count":0,"href":"https:\/\/dronero.info\/news\/wp-json\/wp\/v2\/posts\/41\/revisions"}],"wp:featuredmedia":[{"embeddable":true,"href":"https:\/\/dronero.info\/news\/wp-json\/wp\/v2\/media\/42"}],"wp:attachment":[{"href":"https:\/\/dronero.info\/news\/wp-json\/wp\/v2\/media?parent=41"}],"wp:term":[{"taxonomy":"category","embeddable":true,"href":"https:\/\/dronero.info\/news\/wp-json\/wp\/v2\/categories?post=41"},{"taxonomy":"post_tag","embeddable":true,"href":"https:\/\/dronero.info\/news\/wp-json\/wp\/v2\/tags?post=41"}],"curies":[{"name":"wp","href":"https:\/\/api.w.org\/{rel}","templated":true}]}}