{"id":392,"date":"2026-01-23T18:22:03","date_gmt":"2026-01-23T17:22:03","guid":{"rendered":"https:\/\/dronero.info\/news\/?p=392"},"modified":"2026-01-24T16:46:51","modified_gmt":"2026-01-24T15:46:51","slug":"onesta-il-potere-dei-meno-potenti","status":"publish","type":"post","link":"https:\/\/dronero.info\/news\/2026\/01\/23\/onesta-il-potere-dei-meno-potenti\/","title":{"rendered":"Onest\u00e0, il potere dei meno potenti"},"content":{"rendered":"\n<p>Il presidente Donald Trump poche ore fa ha ritirato al premier canadese Mark Carney l&#8217;invito a entrare nel Board of peace che lui sta preparando.<br>Se il Forum economico che si svolge a Davos in questi giorni fosse una pedana di scherma, commentando la recente mossa di Trump si potrebbe dire: &#8220;Touch\u00e9&#8221;, e non soltanto perch\u00e9 il Canada parla ancora francese.<\/p>\n\n\n\n<p>S\u00ec perch\u00e9 il discorso pronunciato da Carney marted\u00ec 20 gennaio \u00e8 calato su tutti come un macigno, parlando in modo lucido e schiettamente realistico dell&#8217;attuale situazione mondiale. Senza fare nomi e cognomi, era fin troppo chiaro chi fossero i vari soggetti presi in considerazione, in un gioco mica da poco tra potenze forti e potenze deboli.<\/p>\n\n\n\n<p>Di seguito video originale e traduzione italiana del discorso pronunciato a Davos.<\/p>\n\n\n\n<p>P.S. &#8211; Quando Mark Carney dice &#8220;Affrontiamo il mondo cos\u00ec com\u2019\u00e8, senza aspettare un mondo che vorremmo fosse&#8221;, mi fa pensare a una celebre metafora cara al politico Giovanni Giolitti, l&#8217;uomo di Dronero cinque volte presidente del Consiglio dei ministri nel primo ventennio del Novecento: un sarto che deve vestire un gobbo deve tenere conto della gobba per far s\u00ec che l&#8217;abito calzi bene. Alludeva ai problemi dell&#8217;Italia, suggerendo che andassero tenuti in conto anzich\u00e9 risolti. La politica di Giolitti, basata su empirismo e buon senso, gli permise di essere il ministro pi\u00f9 longevo nella storia italiana, secondo solo a Benito Mussolini.<\/p>\n\n\n\n<iframe loading=\"lazy\" width=\"560\" height=\"315\" src=\"https:\/\/www.youtube.com\/embed\/btqHDhO4h10?si=DoiljUh2waPhpgKw\" title=\"YouTube video player\" frameborder=\"0\" allow=\"accelerometer; autoplay; clipboard-write; encrypted-media; gyroscope; picture-in-picture; web-share\" referrerpolicy=\"strict-origin-when-cross-origin\" allowfullscreen><\/iframe>\n\n\n\n<p>\u00c8 un piacere \u2013 e un dovere \u2013 essere qui con voi in questo momento di svolta per il Canada e per il mondo.<\/p>\n\n\n\n<p>Oggi parler\u00f2 della rottura dell\u2019ordine mondiale, della fine di una bella storia e dell\u2019inizio di una realt\u00e0 brutale, in cui la geopolitica tra le grandi potenze non \u00e8 soggetta ad alcun vincolo. Ma vorrei anche sostenere che gli altri paesi, in particolare le medie potenze come il Canada, non sono senza poteri. Esse hanno la capacit\u00e0 di costruire un nuovo ordine che incorpori i nostri valori, come il rispetto dei diritti umani, lo sviluppo sostenibile, la solidariet\u00e0, la sovranit\u00e0 e l\u2019integrit\u00e0 territoriale degli stati.<\/p>\n\n\n\n<p>Il potere dei meno potenti inizia con l\u2019onest\u00e0.<\/p>\n\n\n\n<p>Sembra che ogni giorno ci venga ricordato che viviamo in un\u2019epoca di rivalit\u00e0 tra grandi potenze \u2014 che l\u2019ordine internazionale basato sulle regole sta svanendo, che &#8220;i forti fanno ci\u00f2 che possono e i deboli subiscono ci\u00f2 che devono&#8221;.<\/p>\n\n\n\n<p>E questo aforisma di Tucidide viene presentato come inevitabile, come la logica naturale delle relazioni internazionali che torna ad affermarsi. E di fronte a questa logica c\u2019\u00e8 una forte tendenza, da parte dei paesi, ad adeguarsi, ad adattarsi, ad accomodarsi, a evitare i problemi, a sperare che la conformit\u00e0 garantisca sicurezza.<\/p>\n\n\n\n<p>Ebbene, non sar\u00e0 cos\u00ec. Quali sono dunque le nostre opzioni?<\/p>\n\n\n\n<p>Nel 1978 il dissidente ceco V\u00e1clav Havel, poi divenuto presidente, scrisse un saggio intitolato &#8220;Il potere dei senza potere&#8221;, nel quale poneva una domanda semplice: come faceva il sistema comunista a reggersi?<\/p>\n\n\n\n<p>E la sua risposta iniziava con un droghiere.<\/p>\n\n\n\n<p>Ogni mattina il negoziante appende nella vetrina un cartello: \u201cProletari di tutto il mondo, unitevi\u201d. Non ci crede. Nessuno ci crede. Ma lo espone comunque per evitare problemi, per segnalare obbedienza, per andare avanti senza guai. E poich\u00e9 ogni negoziante in ogni strada fa lo stesso, il sistema persiste \u2014 non solo attraverso la violenza, ma grazie alla partecipazione delle persone comuni a rituali che sanno privatamente essere falsi.<\/p>\n\n\n\n<p>Havel defin\u00ec tutto questo &#8220;vivere nella menzogna&#8221;. Il potere del sistema non deriva dalla sua verit\u00e0, ma dalla disponibilit\u00e0 di tutti a comportarsi come se fosse vero. E la sua fragilit\u00e0 nasce dalla stessa fonte. Quando anche una sola persona smette di recitare, quando il droghiere toglie il cartello, l\u2019illusione comincia a incrinarsi.<\/p>\n\n\n\n<p>Amici, \u00e8 tempo che aziende e paesi tolgano i loro cartelli.<\/p>\n\n\n\n<p>Per decenni, paesi come il Canada hanno prosperato all\u2019interno di quello che abbiamo chiamato ordine internazionale basato sulle regole. Abbiamo aderito alle sue istituzioni, ne abbiamo celebrato i principi, beneficiato della sua prevedibilit\u00e0. E grazie a questo abbiamo potuto perseguire politiche estere fondate sui valori, sotto la sua protezione.<\/p>\n\n\n\n<p>Sapevamo che il racconto dell\u2019ordine internazionale basato sulle regole era in parte falso: che i pi\u00f9 forti si sarebbero autoesonerati quando conveniente, che le regole commerciali venivano applicate in modo asimmetrico, e che il diritto internazionale era applicato con rigore variabile a seconda dell\u2019identit\u00e0 dell\u2019accusato o della vittima.<\/p>\n\n\n\n<p>Questa finzione era utile, e in particolare l\u2019egemonia americana ha contribuito a fornire beni pubblici, rotte marittime aperte, un sistema finanziario stabile, sicurezza collettiva e supporto a quadri per la risoluzione delle controversie.<\/p>\n\n\n\n<p>Cos\u00ec abbiamo messo il cartello in vetrina. Abbiamo partecipato ai rituali e, in larga parte, evitato di denunciare il divario tra retorica e realt\u00e0.<\/p>\n\n\n\n<p>Questo patto non funziona pi\u00f9.<\/p>\n\n\n\n<p>Permettetemi di essere diretto. Siamo nel mezzo di una rottura, non di una transizione.<\/p>\n\n\n\n<p>Negli ultimi vent&#8217;anni, una serie di crisi \u2014 finanziarie, sanitarie, energetiche e geopolitiche \u2014 ha messo a nudo i rischi di un\u2019integrazione globale estrema. Ma pi\u00f9 recentemente le grandi potenze hanno iniziato a usare l\u2019integrazione economica come arma, i dazi come leva, le infrastrutture finanziarie come strumento di coercizione, le catene di approvvigionamento come vulnerabilit\u00e0 da sfruttare.<\/p>\n\n\n\n<p>Non si pu\u00f2 vivere nella menzogna del beneficio reciproco dell\u2019integrazione quando l\u2019integrazione diventa la fonte della propria subordinazione.<\/p>\n\n\n\n<p>Le istituzioni multilaterali su cui le potenze medie hanno fatto affidamento \u2014 l\u2019OMC, l\u2019ONU, le COP, l\u2019intera architettura della risoluzione collettiva dei problemi \u2014 sono sotto minaccia. Di conseguenza, molti paesi stanno giungendo alla stessa conclusione: devono sviluppare una maggiore autonomia strategica nell\u2019energia, nel cibo, nei minerali critici, nella finanza e nelle catene di approvvigionamento. Ed \u00e8 un impulso comprensibile.<\/p>\n\n\n\n<p>Un paese che non pu\u00f2 nutrirsi, rifornirsi di energia o difendersi ha poche opzioni. Quando le regole non ti proteggono pi\u00f9, devi proteggerti da solo.<\/p>\n\n\n\n<p>Ma guardiamo lucidamente a dove questo conduce. Un mondo di fortezze sar\u00e0 pi\u00f9 povero, pi\u00f9 fragile e meno sostenibile.<\/p>\n\n\n\n<p>E c\u2019\u00e8 un\u2019altra verit\u00e0: se le grandi potenze abbandonano anche solo la pretesa di regole e valori per inseguire senza freni il proprio potere e i propri interessi, i guadagni del transazionalismo diventeranno sempre pi\u00f9 difficili da replicare.<\/p>\n\n\n\n<p>Gli egemoni non possono monetizzare all\u2019infinito le proprie relazioni. Gli alleati diversificheranno per coprirsi dall\u2019incertezza. Acquisteranno assicurazioni, moltiplicheranno le opzioni per ricostruire la sovranit\u00e0 \u2014 una sovranit\u00e0 che un tempo era fondata sulle regole ma che sempre pi\u00f9 sar\u00e0 ancorata alla capacit\u00e0 di resistere alle pressioni.<\/p>\n\n\n\n<p>Chi \u00e8 in questa sala sa che si tratta di classica gestione del rischio. La gestione del rischio ha un costo, ma il costo dell\u2019autonomia strategica, della sovranit\u00e0, pu\u00f2 essere condiviso. Gli investimenti collettivi nella resilienza sono meno onerosi rispetto alla costruzione di fortezze individuali. Gli standard condivisi riducono la frammentazione. Le complementarit\u00e0 producono benefici a somma positiva.<\/p>\n\n\n\n<p>La domanda per le potenze medie come il Canada non \u00e8 se adattarsi alla nuova real\u00e0: dobbiamo farlo.<\/p>\n\n\n\n<p>La domanda \u00e8 se ci adattiamo semplicemente costruendo muri pi\u00f9 alti, o se possiamo fare qualcosa di pi\u00f9 ambizioso.<\/p>\n\n\n\n<p>Il Canada \u00e8 stato tra i primi a cogliere il segnale di allarme, il che ci ha portato a modificare profondamente la nostra postura strategica. I canadesi sanno che le vecchie e comode certezze, che la nostra geografia e le nostre alleanze garantissero automaticamente prosperit\u00e0 e sicurezza, non sono pi\u00f9 valide. Il nostro nuovo approccio si fonda su ci\u00f2 che Alexander Stubb, presidente della Finlandia, ha definito \u201crealismo basato sui valori\u201d.<\/p>\n\n\n\n<p>In altre parole, vogliamo essere insieme guidati da principi e pragmatici. Guidati da principi nel nostro impegno verso i valori fondamentali, la sovranit\u00e0, l\u2019integrit\u00e0 territoriale, il divieto dell\u2019uso della forza se non in conformit\u00e0 con la Carta dell\u2019ONU e il rispetto dei diritti umani.<\/p>\n\n\n\n<p>E pragmatici nel riconoscere che il progresso \u00e8 spesso incrementale, che gli interessi divergono, che non tutti i partner condivideranno tutti i nostri valori.<\/p>\n\n\n\n<p>Per questo ci impegniamo in modo ampio e strategico, a occhi aperti. Affrontiamo il mondo cos\u00ec com\u2019\u00e8, senza aspettare un mondo che vorremmo fosse.<\/p>\n\n\n\n<p>Stiamo calibrando le nostre relazioni affinch\u00e9 la loro profondit\u00e0 rifletta i nostri valori, e stiamo dando priorit\u00e0 a un impegno ampio per massimizzare la nostra influenza, data la fluidit\u00e0 del mondo attuale, i rischi che comporta e le poste in gioco di ci\u00f2 che verr\u00e0.<\/p>\n\n\n\n<p>E non ci affidiamo pi\u00f9 solo alla forza dei nostri valori, ma anche al valore della nostra forza.<\/p>\n\n\n\n<p>Stiamo costruendo questa forza in patria. Da quando il mio governo \u00e8 entrato in carica, abbiamo ridotto le tasse sui redditi, sulle plusvalenze e sugli investimenti delle imprese. Abbiamo eliminato tutte le barriere federali al commercio interprovinciale. Stiamo accelerando mille miliardi di dollari di investimenti in energia, intelligenza artificiale, minerali critici, nuovi corridoi commerciali e altro ancora. Raddoppieremo la spesa per la difesa entro la fine di questo decennio, rafforzando al contempo le nostre industrie nazionali. E ci stiamo rapidamente diversificando all\u2019estero.<\/p>\n\n\n\n<p>Abbiamo concordato un partenariato strategico globale con l\u2019Unione europea, inclusa la partecipazione a SAFE, i meccanismi europei di approvvigionamento per la difesa. Abbiamo firmato altri 12 accordi commerciali e di sicurezza in quattro continenti in sei mesi.<\/p>\n\n\n\n<p>Negli ultimi giorni abbiamo concluso nuovi partenariati strategici con la Cina e il Qatar. Stiamo negoziando accordi di libero scambio con India, ASEAN, Thailandia, Filippine e Mercosur.<\/p>\n\n\n\n<p>Stiamo facendo anche qualcos\u2019altro: per contribuire a risolvere i problemi globali, perseguiamo una \u201cgeometria variabile\u201d. In altre parole, coalizioni diverse per questioni diverse, basate su valori e interessi comuni. Cos\u00ec, sull\u2019Ucraina, siamo membri centrali della Coalizione dei Volenterosi e tra i maggiori contributori pro capite alla sua difesa e sicurezza.<\/p>\n\n\n\n<p>Sulla sovranit\u00e0 artica, siamo fermamente al fianco della Groenlandia e della Danimarca e sosteniamo pienamente il loro diritto esclusivo a determinare il futuro della Groenlandia.<\/p>\n\n\n\n<p>Il nostro impegno verso l\u2019Articolo 5 della NATO \u00e8 incrollabile. Per questo lavoriamo con i nostri alleati NATO, inclusi i Paesi nordico-baltici, per rafforzare i fianchi settentrionale e occidentale dell\u2019Alleanza, anche attraverso investimenti senza precedenti in radar oltre l\u2019orizzonte, sottomarini, aerei e presenza militare sul terreno \u2014 sul ghiaccio.<\/p>\n\n\n\n<p>Il Canada si oppone fermamente ai dazi legati alla Groenlandia e chiede colloqui mirati per raggiungere i nostri obiettivi condivisi di sicurezza e prosperit\u00e0 nell\u2019Artico.<\/p>\n\n\n\n<p>Sul commercio plurilaterale, sosteniamo la creazione di un ponte tra il partenariato transpacifico e l\u2019Unione europea, che darebbe vita a un nuovo blocco commerciale di 1,5 miliardi di persone sui minerali critici.<\/p>\n\n\n\n<p>Stiamo creando \u201cclub di acquirenti\u201d ancorati al G7 per consentire al mondo di diversificare le forniture concentrate. E sull\u2019intelligenza artificiale cooperiamo con le democrazie affini per evitare di dover scegliere tra egemoni e hyperscaler.<\/p>\n\n\n\n<p>Questo non \u00e8 multilateralismo ingenuo, n\u00e9 affidamento cieco alle istituzioni esistenti. \u00c8 costruire coalizioni che funzionano, tema per tema, con partner che condividono abbastanza terreno comune per agire insieme. In alcuni casi, questo includer\u00e0 la grande maggioranza delle nazioni. Ci\u00f2 che stiamo facendo \u00e8 creare una fitta rete di connessioni in ambito commerciale, finanziario e culturale a cui attingere per le sfide e le opportunit\u00e0 future.<\/p>\n\n\n\n<p>La nostra convinzione \u00e8 che le potenze medie debbano agire insieme, perch\u00e9 se non siamo al tavolo, siamo nel men\u00f9.<\/p>\n\n\n\n<p>Direi anche che le grandi potenze, per ora, possono permettersi di agire da sole. Hanno dimensioni di mercato, capacit\u00e0 militari e leva sufficienti per dettare le condizioni. Le potenze medie no. Quando negoziamo solo bilateralmente con un egemone, negoziamo da una posizione di debolezza. Accettiamo ci\u00f2 che viene offerto. Competiamo tra di noi per essere i pi\u00f9 accomodanti.<\/p>\n\n\n\n<p>Questa non \u00e8 sovranit\u00e0. \u00c8 la recita della sovranit\u00e0 accettando la subordinazione.<\/p>\n\n\n\n<p>In un mondo di rivalit\u00e0 tra grandi potenze, i paesi intermedi hanno una scelta: competere per il favore dei pi\u00f9 forti o unirsi per creare una terza via capace di incidere. Non dovremmo permettere che l\u2019ascesa della forza bruta ci accechi rispetto al fatto che il potere della legittimit\u00e0, dell\u2019integrit\u00e0 e delle regole rester\u00e0 forte se sceglieremo di esercitarlo insieme.<\/p>\n\n\n\n<p>E questo mi riporta a Havel. Che cosa significa, per le potenze medie, vivere nella verit\u00e0?<\/p>\n\n\n\n<p>Anzitutto significa chiamare la realt\u00e0 con il suo nome. Smettere di invocare l\u2019ordine internazionale basato sulle regole come se funzionasse ancora come pubblicizzato. Chiamarlo per ci\u00f2 che \u00e8: un sistema di rivalit\u00e0 crescente tra grandi potenze, in cui i pi\u00f9 forti perseguono i propri interessi usando l\u2019integrazione economica come strumento di coercizione.<\/p>\n\n\n\n<p>Significa agire con coerenza, applicando gli stessi standard ad alleati e rivali. Quando le potenze medie criticano l\u2019intimidazione economica in una direzione ma tacciono quando proviene da un\u2019altra, stiamo ancora tenendo il cartello in vetrina.<\/p>\n\n\n\n<p>Significa costruire ci\u00f2 in cui diciamo di credere, invece di aspettare il ritorno del vecchio ordine. Significa creare istituzioni e accordi che funzionino davvero come descritto e ridurre le leve che consentono la coercizione.<\/p>\n\n\n\n<p>Questo vuol dire costruire un\u2019economia domestica forte. Dovrebbe essere la priorit\u00e0 immediata di ogni governo.<\/p>\n\n\n\n<p>E la diversificazione internazionale non \u00e8 solo prudenza economica: \u00e8 il fondamento materiale di una politica estera onesta, perch\u00e9 i paesi si guadagnano il diritto a posizioni di principio riducendo la propria vulnerabilit\u00e0 alle ritorsioni.<\/p>\n\n\n\n<p>E dunque, il Canada. Il Canada ha ci\u00f2 che il mondo vuole. Siamo una superpotenza energetica. Possediamo vaste riserve di minerali critici. Abbiamo la popolazione pi\u00f9 istruita al mondo. I nostri fondi pensione sono tra i pi\u00f9 grandi e sofisticati investitori globali. In altre parole, abbiamo capitale e talento. Abbiamo anche un governo con una grande capacit\u00e0 fiscale per agire con decisione. E abbiamo valori a cui molti aspirano.<\/p>\n\n\n\n<p>Il Canada \u00e8 una societ\u00e0 pluralista che funziona. Il nostro spazio pubblico \u00e8 rumoroso, diversificato e libero. I canadesi restano impegnati nella sostenibilit\u00e0. Siamo un partner stabile e affidabile in un mondo che non lo \u00e8 affatto, un partner che costruisce e valorizza relazioni di lungo periodo.<\/p>\n\n\n\n<p>E abbiamo anche qualcos\u2019altro: la consapevolezza di ci\u00f2 che sta accadendo e la determinazione ad agire di conseguenza. Comprendiamo che questa rottura richiede pi\u00f9 dell\u2019adattamento. Richiede onest\u00e0 sul mondo cos\u00ec com\u2019\u00e8.<\/p>\n\n\n\n<p>Stiamo togliendo il cartello dalla vetrina.<\/p>\n\n\n\n<p>Sappiamo che il vecchio ordine non torner\u00e0. Non dovremmo piangerlo. La nostalgia non \u00e8 una strategia. Crediamo per\u00f2 che dalla frattura si possa costruire qualcosa di pi\u00f9 grande, migliore, pi\u00f9 forte e pi\u00f9 giusto. Questo \u00e8 il compito delle potenze medie, i paesi che hanno pi\u00f9 da perdere in un mondo di fortezze e pi\u00f9 da guadagnare da una cooperazione autentica.<\/p>\n\n\n\n<p>I potenti hanno il loro potere. Ma anche noi abbiamo qualcosa: la capacit\u00e0 di smettere di fingere, di chiamare la realt\u00e0 con il suo nome, di costruire la nostra forza in patria e di agire insieme.<\/p>\n\n\n\n<p>Questa \u00e8 la strada del Canada. La scegliamo apertamente e con fiducia, ed \u00e8 una strada aperta a qualunque paese voglia percorrerla con noi.<\/p>\n\n\n\n<p>Grazie mille.<\/p>\n\n\n\n<p><small>Articolo: Ines Beltramo. Tutti i diritti riservati.<br>\nTesto traduzione: Internet.<\/small><br><\/p>\n\n\n\n<div style=\"border: 2px dotted #CCC; padding:5px; margin:0; text-align:center;\"><i>Questo articolo \u00e8 stato offerto da:<\/i><p><\/p>\n<h4><a href=\"http:\/\/iduemondi.tel\" target=\"_blank\" rel=\"noopener noreferrer\">I Due Mondi<\/a><\/h4>\n<p>pizzeria ristorante in Caraglio (Cuneo)<\/p>\n<\/div>\n","protected":false},"excerpt":{"rendered":"<p>Il presidente Donald Trump poche ore fa ha ritirato al premier canadese Mark Carney l&#8217;invito<\/p>\n","protected":false},"author":1,"featured_media":393,"comment_status":"closed","ping_status":"closed","sticky":false,"template":"","format":"standard","meta":{"footnotes":"","_links_to":"","_links_to_target":""},"categories":[26,18,24,23],"tags":[],"class_list":["post-392","post","type-post","status-publish","format-standard","has-post-thumbnail","hentry","category-economia","category-mondo","category-politica","category-societa"],"yoast_head":"<!-- This site is optimized with the Yoast SEO plugin v27.1.1 - https:\/\/yoast.com\/product\/yoast-seo-wordpress\/ -->\n<title>Onest\u00e0, il potere dei meno potenti - Dronero.info<\/title>\n<meta name=\"description\" content=\"Il discorso pronunciato da Mark Carney marted\u00ec 20 \u00e8 calato su tutti come un macigno, parlando in modo lucido e schiettamente realistico dell&#039;attuale situazione mondiale.\" \/>\n<meta name=\"robots\" content=\"index, follow, max-snippet:-1, max-image-preview:large, max-video-preview:-1\" \/>\n<link rel=\"canonical\" href=\"https:\/\/dronero.info\/news\/2026\/01\/23\/onesta-il-potere-dei-meno-potenti\/\" \/>\n<meta property=\"og:locale\" content=\"it_IT\" \/>\n<meta property=\"og:type\" content=\"article\" \/>\n<meta property=\"og:title\" content=\"Onest\u00e0, il potere dei meno potenti - Dronero.info\" \/>\n<meta property=\"og:description\" content=\"Il discorso pronunciato da Mark Carney marted\u00ec 20 \u00e8 calato su tutti come un macigno, parlando in modo lucido e schiettamente realistico dell&#039;attuale situazione mondiale.\" \/>\n<meta property=\"og:url\" content=\"https:\/\/dronero.info\/news\/2026\/01\/23\/onesta-il-potere-dei-meno-potenti\/\" \/>\n<meta property=\"og:site_name\" content=\"Dronero.info\" \/>\n<meta property=\"article:published_time\" content=\"2026-01-23T17:22:03+00:00\" \/>\n<meta property=\"article:modified_time\" content=\"2026-01-24T15:46:51+00:00\" \/>\n<meta property=\"og:image\" content=\"https:\/\/dronero.info\/news\/images\/2026\/01\/Davos-Mark-Carney-speech.jpg\" \/>\n\t<meta property=\"og:image:width\" content=\"800\" \/>\n\t<meta property=\"og:image:height\" content=\"450\" \/>\n\t<meta property=\"og:image:type\" content=\"image\/jpeg\" \/>\n<meta name=\"author\" content=\"rubines\" \/>\n<meta name=\"twitter:card\" content=\"summary_large_image\" \/>\n<meta name=\"twitter:label1\" content=\"Scritto da\" \/>\n\t<meta name=\"twitter:data1\" content=\"rubines\" \/>\n\t<meta name=\"twitter:label2\" content=\"Tempo di lettura stimato\" \/>\n\t<meta name=\"twitter:data2\" content=\"12 minuti\" \/>\n<script type=\"application\/ld+json\" class=\"yoast-schema-graph\">{\"@context\":\"https:\/\/schema.org\",\"@graph\":[{\"@type\":\"Article\",\"@id\":\"https:\/\/dronero.info\/news\/2026\/01\/23\/onesta-il-potere-dei-meno-potenti\/#article\",\"isPartOf\":{\"@id\":\"https:\/\/dronero.info\/news\/2026\/01\/23\/onesta-il-potere-dei-meno-potenti\/\"},\"author\":{\"name\":\"rubines\",\"@id\":\"https:\/\/dronero.info\/news\/#\/schema\/person\/1c3c7855ceeebd1edb28810e7e80a061\"},\"headline\":\"Onest\u00e0, il potere dei meno potenti\",\"datePublished\":\"2026-01-23T17:22:03+00:00\",\"dateModified\":\"2026-01-24T15:46:51+00:00\",\"mainEntityOfPage\":{\"@id\":\"https:\/\/dronero.info\/news\/2026\/01\/23\/onesta-il-potere-dei-meno-potenti\/\"},\"wordCount\":2457,\"image\":{\"@id\":\"https:\/\/dronero.info\/news\/2026\/01\/23\/onesta-il-potere-dei-meno-potenti\/#primaryimage\"},\"thumbnailUrl\":\"https:\/\/dronero.info\/news\/images\/2026\/01\/Davos-Mark-Carney-speech.jpg\",\"articleSection\":[\"Economia\",\"Mondo\",\"Politica\",\"Societ\u00e0\"],\"inLanguage\":\"it-IT\"},{\"@type\":\"WebPage\",\"@id\":\"https:\/\/dronero.info\/news\/2026\/01\/23\/onesta-il-potere-dei-meno-potenti\/\",\"url\":\"https:\/\/dronero.info\/news\/2026\/01\/23\/onesta-il-potere-dei-meno-potenti\/\",\"name\":\"Onest\u00e0, il potere dei meno potenti - Dronero.info\",\"isPartOf\":{\"@id\":\"https:\/\/dronero.info\/news\/#website\"},\"primaryImageOfPage\":{\"@id\":\"https:\/\/dronero.info\/news\/2026\/01\/23\/onesta-il-potere-dei-meno-potenti\/#primaryimage\"},\"image\":{\"@id\":\"https:\/\/dronero.info\/news\/2026\/01\/23\/onesta-il-potere-dei-meno-potenti\/#primaryimage\"},\"thumbnailUrl\":\"https:\/\/dronero.info\/news\/images\/2026\/01\/Davos-Mark-Carney-speech.jpg\",\"datePublished\":\"2026-01-23T17:22:03+00:00\",\"dateModified\":\"2026-01-24T15:46:51+00:00\",\"author\":{\"@id\":\"https:\/\/dronero.info\/news\/#\/schema\/person\/1c3c7855ceeebd1edb28810e7e80a061\"},\"description\":\"Il discorso pronunciato da Mark Carney marted\u00ec 20 \u00e8 calato su tutti come un macigno, parlando in modo lucido e schiettamente realistico dell'attuale situazione mondiale.\",\"breadcrumb\":{\"@id\":\"https:\/\/dronero.info\/news\/2026\/01\/23\/onesta-il-potere-dei-meno-potenti\/#breadcrumb\"},\"inLanguage\":\"it-IT\",\"potentialAction\":[{\"@type\":\"ReadAction\",\"target\":[\"https:\/\/dronero.info\/news\/2026\/01\/23\/onesta-il-potere-dei-meno-potenti\/\"]}]},{\"@type\":\"ImageObject\",\"inLanguage\":\"it-IT\",\"@id\":\"https:\/\/dronero.info\/news\/2026\/01\/23\/onesta-il-potere-dei-meno-potenti\/#primaryimage\",\"url\":\"https:\/\/dronero.info\/news\/images\/2026\/01\/Davos-Mark-Carney-speech.jpg\",\"contentUrl\":\"https:\/\/dronero.info\/news\/images\/2026\/01\/Davos-Mark-Carney-speech.jpg\",\"width\":800,\"height\":450,\"caption\":\"Mark Carney Davos speech\"},{\"@type\":\"BreadcrumbList\",\"@id\":\"https:\/\/dronero.info\/news\/2026\/01\/23\/onesta-il-potere-dei-meno-potenti\/#breadcrumb\",\"itemListElement\":[{\"@type\":\"ListItem\",\"position\":1,\"name\":\"Home\",\"item\":\"https:\/\/dronero.info\/news\/\"},{\"@type\":\"ListItem\",\"position\":2,\"name\":\"Onest\u00e0, il potere dei meno potenti\"}]},{\"@type\":\"WebSite\",\"@id\":\"https:\/\/dronero.info\/news\/#website\",\"url\":\"https:\/\/dronero.info\/news\/\",\"name\":\"Dronero.info\",\"description\":\"Notizie che meritano diffusione\",\"potentialAction\":[{\"@type\":\"SearchAction\",\"target\":{\"@type\":\"EntryPoint\",\"urlTemplate\":\"https:\/\/dronero.info\/news\/?s={search_term_string}\"},\"query-input\":{\"@type\":\"PropertyValueSpecification\",\"valueRequired\":true,\"valueName\":\"search_term_string\"}}],\"inLanguage\":\"it-IT\"},{\"@type\":\"Person\",\"@id\":\"https:\/\/dronero.info\/news\/#\/schema\/person\/1c3c7855ceeebd1edb28810e7e80a061\",\"name\":\"rubines\",\"image\":{\"@type\":\"ImageObject\",\"inLanguage\":\"it-IT\",\"@id\":\"https:\/\/dronero.info\/news\/#\/schema\/person\/image\/\",\"url\":\"https:\/\/secure.gravatar.com\/avatar\/c2f0e0d515a107624234994507816ca4724c7199cef73fc8bedebf6931d73888?s=96&d=mm&r=g\",\"contentUrl\":\"https:\/\/secure.gravatar.com\/avatar\/c2f0e0d515a107624234994507816ca4724c7199cef73fc8bedebf6931d73888?s=96&d=mm&r=g\",\"caption\":\"rubines\"},\"url\":\"https:\/\/dronero.info\/news\/author\/rubines\/\"}]}<\/script>\n<!-- \/ Yoast SEO plugin. -->","yoast_head_json":{"title":"Onest\u00e0, il potere dei meno potenti - Dronero.info","description":"Il discorso pronunciato da Mark Carney marted\u00ec 20 \u00e8 calato su tutti come un macigno, parlando in modo lucido e schiettamente realistico dell'attuale situazione mondiale.","robots":{"index":"index","follow":"follow","max-snippet":"max-snippet:-1","max-image-preview":"max-image-preview:large","max-video-preview":"max-video-preview:-1"},"canonical":"https:\/\/dronero.info\/news\/2026\/01\/23\/onesta-il-potere-dei-meno-potenti\/","og_locale":"it_IT","og_type":"article","og_title":"Onest\u00e0, il potere dei meno potenti - Dronero.info","og_description":"Il discorso pronunciato da Mark Carney marted\u00ec 20 \u00e8 calato su tutti come un macigno, parlando in modo lucido e schiettamente realistico dell'attuale situazione mondiale.","og_url":"https:\/\/dronero.info\/news\/2026\/01\/23\/onesta-il-potere-dei-meno-potenti\/","og_site_name":"Dronero.info","article_published_time":"2026-01-23T17:22:03+00:00","article_modified_time":"2026-01-24T15:46:51+00:00","og_image":[{"width":800,"height":450,"url":"https:\/\/dronero.info\/news\/images\/2026\/01\/Davos-Mark-Carney-speech.jpg","type":"image\/jpeg"}],"author":"rubines","twitter_card":"summary_large_image","twitter_misc":{"Scritto da":"rubines","Tempo di lettura stimato":"12 minuti"},"schema":{"@context":"https:\/\/schema.org","@graph":[{"@type":"Article","@id":"https:\/\/dronero.info\/news\/2026\/01\/23\/onesta-il-potere-dei-meno-potenti\/#article","isPartOf":{"@id":"https:\/\/dronero.info\/news\/2026\/01\/23\/onesta-il-potere-dei-meno-potenti\/"},"author":{"name":"rubines","@id":"https:\/\/dronero.info\/news\/#\/schema\/person\/1c3c7855ceeebd1edb28810e7e80a061"},"headline":"Onest\u00e0, il potere dei meno potenti","datePublished":"2026-01-23T17:22:03+00:00","dateModified":"2026-01-24T15:46:51+00:00","mainEntityOfPage":{"@id":"https:\/\/dronero.info\/news\/2026\/01\/23\/onesta-il-potere-dei-meno-potenti\/"},"wordCount":2457,"image":{"@id":"https:\/\/dronero.info\/news\/2026\/01\/23\/onesta-il-potere-dei-meno-potenti\/#primaryimage"},"thumbnailUrl":"https:\/\/dronero.info\/news\/images\/2026\/01\/Davos-Mark-Carney-speech.jpg","articleSection":["Economia","Mondo","Politica","Societ\u00e0"],"inLanguage":"it-IT"},{"@type":"WebPage","@id":"https:\/\/dronero.info\/news\/2026\/01\/23\/onesta-il-potere-dei-meno-potenti\/","url":"https:\/\/dronero.info\/news\/2026\/01\/23\/onesta-il-potere-dei-meno-potenti\/","name":"Onest\u00e0, il potere dei meno potenti - Dronero.info","isPartOf":{"@id":"https:\/\/dronero.info\/news\/#website"},"primaryImageOfPage":{"@id":"https:\/\/dronero.info\/news\/2026\/01\/23\/onesta-il-potere-dei-meno-potenti\/#primaryimage"},"image":{"@id":"https:\/\/dronero.info\/news\/2026\/01\/23\/onesta-il-potere-dei-meno-potenti\/#primaryimage"},"thumbnailUrl":"https:\/\/dronero.info\/news\/images\/2026\/01\/Davos-Mark-Carney-speech.jpg","datePublished":"2026-01-23T17:22:03+00:00","dateModified":"2026-01-24T15:46:51+00:00","author":{"@id":"https:\/\/dronero.info\/news\/#\/schema\/person\/1c3c7855ceeebd1edb28810e7e80a061"},"description":"Il discorso pronunciato da Mark Carney marted\u00ec 20 \u00e8 calato su tutti come un macigno, parlando in modo lucido e schiettamente realistico dell'attuale situazione mondiale.","breadcrumb":{"@id":"https:\/\/dronero.info\/news\/2026\/01\/23\/onesta-il-potere-dei-meno-potenti\/#breadcrumb"},"inLanguage":"it-IT","potentialAction":[{"@type":"ReadAction","target":["https:\/\/dronero.info\/news\/2026\/01\/23\/onesta-il-potere-dei-meno-potenti\/"]}]},{"@type":"ImageObject","inLanguage":"it-IT","@id":"https:\/\/dronero.info\/news\/2026\/01\/23\/onesta-il-potere-dei-meno-potenti\/#primaryimage","url":"https:\/\/dronero.info\/news\/images\/2026\/01\/Davos-Mark-Carney-speech.jpg","contentUrl":"https:\/\/dronero.info\/news\/images\/2026\/01\/Davos-Mark-Carney-speech.jpg","width":800,"height":450,"caption":"Mark Carney Davos speech"},{"@type":"BreadcrumbList","@id":"https:\/\/dronero.info\/news\/2026\/01\/23\/onesta-il-potere-dei-meno-potenti\/#breadcrumb","itemListElement":[{"@type":"ListItem","position":1,"name":"Home","item":"https:\/\/dronero.info\/news\/"},{"@type":"ListItem","position":2,"name":"Onest\u00e0, il potere dei meno potenti"}]},{"@type":"WebSite","@id":"https:\/\/dronero.info\/news\/#website","url":"https:\/\/dronero.info\/news\/","name":"Dronero.info","description":"Notizie che meritano diffusione","potentialAction":[{"@type":"SearchAction","target":{"@type":"EntryPoint","urlTemplate":"https:\/\/dronero.info\/news\/?s={search_term_string}"},"query-input":{"@type":"PropertyValueSpecification","valueRequired":true,"valueName":"search_term_string"}}],"inLanguage":"it-IT"},{"@type":"Person","@id":"https:\/\/dronero.info\/news\/#\/schema\/person\/1c3c7855ceeebd1edb28810e7e80a061","name":"rubines","image":{"@type":"ImageObject","inLanguage":"it-IT","@id":"https:\/\/dronero.info\/news\/#\/schema\/person\/image\/","url":"https:\/\/secure.gravatar.com\/avatar\/c2f0e0d515a107624234994507816ca4724c7199cef73fc8bedebf6931d73888?s=96&d=mm&r=g","contentUrl":"https:\/\/secure.gravatar.com\/avatar\/c2f0e0d515a107624234994507816ca4724c7199cef73fc8bedebf6931d73888?s=96&d=mm&r=g","caption":"rubines"},"url":"https:\/\/dronero.info\/news\/author\/rubines\/"}]}},"views":116,"_links":{"self":[{"href":"https:\/\/dronero.info\/news\/wp-json\/wp\/v2\/posts\/392","targetHints":{"allow":["GET"]}}],"collection":[{"href":"https:\/\/dronero.info\/news\/wp-json\/wp\/v2\/posts"}],"about":[{"href":"https:\/\/dronero.info\/news\/wp-json\/wp\/v2\/types\/post"}],"author":[{"embeddable":true,"href":"https:\/\/dronero.info\/news\/wp-json\/wp\/v2\/users\/1"}],"replies":[{"embeddable":true,"href":"https:\/\/dronero.info\/news\/wp-json\/wp\/v2\/comments?post=392"}],"version-history":[{"count":0,"href":"https:\/\/dronero.info\/news\/wp-json\/wp\/v2\/posts\/392\/revisions"}],"wp:featuredmedia":[{"embeddable":true,"href":"https:\/\/dronero.info\/news\/wp-json\/wp\/v2\/media\/393"}],"wp:attachment":[{"href":"https:\/\/dronero.info\/news\/wp-json\/wp\/v2\/media?parent=392"}],"wp:term":[{"taxonomy":"category","embeddable":true,"href":"https:\/\/dronero.info\/news\/wp-json\/wp\/v2\/categories?post=392"},{"taxonomy":"post_tag","embeddable":true,"href":"https:\/\/dronero.info\/news\/wp-json\/wp\/v2\/tags?post=392"}],"curies":[{"name":"wp","href":"https:\/\/api.w.org\/{rel}","templated":true}]}}