{"id":345,"date":"2024-02-24T22:11:32","date_gmt":"2024-02-24T21:11:32","guid":{"rendered":"https:\/\/dronero.info\/news\/?p=345"},"modified":"2026-01-13T12:01:46","modified_gmt":"2026-01-13T11:01:46","slug":"il-peso-delle-parole","status":"publish","type":"post","link":"https:\/\/dronero.info\/news\/2024\/02\/24\/il-peso-delle-parole\/","title":{"rendered":"Il peso delle parole"},"content":{"rendered":"\n<p>Con piacevole meraviglia ho scoperto l&#8217;esistenza di un&#8217;associazione, Parole O_Stili che, come riportato nel sito web &#8220;nasce a Trieste nel 2016 dall\u2019entusiasmo di circa 300 professionisti, della comunicazione d\u2019impresa e della comunicazione politica, influencer, blogger, a cui in seguito si sono aggiunti molti insegnanti, studenti, imprenditori, professionisti\u2026<br>Sono persone diverse, accomunate dalla volont\u00e0 di rendere la Rete un luogo meno violento, pi\u00f9 rispettoso e civile.<br>Ognuno si impegna a contrastare i linguaggi d\u2019odio in Rete e lo fa aderendo al Manifesto della comunicazione non ostile.&#8221;<\/p>\n\n\n<div class=\"wp-block-image\">\n<figure data-wp-context=\"{&quot;imageId&quot;:&quot;69f032c2d46be&quot;}\" data-wp-interactive=\"core\/image\" data-wp-key=\"69f032c2d46be\" class=\"alignleft size-full is-resized wp-lightbox-container\"><img loading=\"lazy\" decoding=\"async\" width=\"1000\" height=\"667\" data-wp-class--hide=\"state.isContentHidden\" data-wp-class--show=\"state.isContentVisible\" data-wp-init=\"callbacks.setButtonStyles\" data-wp-on--click=\"actions.showLightbox\" data-wp-on--load=\"callbacks.setButtonStyles\" data-wp-on-window--resize=\"callbacks.setButtonStyles\" src=\"https:\/\/dronero.info\/news\/images\/2024\/02\/manifesto-parole-o-stili.jpg\" alt=\"Il Manifesto di Parole O_Stili\" class=\"wp-image-346\" style=\"width:400px;height:auto\" srcset=\"https:\/\/dronero.info\/news\/images\/2024\/02\/manifesto-parole-o-stili.jpg 1000w, https:\/\/dronero.info\/news\/images\/2024\/02\/manifesto-parole-o-stili-300x200.jpg 300w, https:\/\/dronero.info\/news\/images\/2024\/02\/manifesto-parole-o-stili-768x512.jpg 768w\" sizes=\"auto, (max-width: 1000px) 100vw, 1000px\" \/><button\n\t\t\tclass=\"lightbox-trigger\"\n\t\t\ttype=\"button\"\n\t\t\taria-haspopup=\"dialog\"\n\t\t\taria-label=\"Ingrandisci\"\n\t\t\tdata-wp-init=\"callbacks.initTriggerButton\"\n\t\t\tdata-wp-on--click=\"actions.showLightbox\"\n\t\t\tdata-wp-style--right=\"state.imageButtonRight\"\n\t\t\tdata-wp-style--top=\"state.imageButtonTop\"\n\t\t>\n\t\t\t<svg xmlns=\"http:\/\/www.w3.org\/2000\/svg\" width=\"12\" height=\"12\" fill=\"none\" viewBox=\"0 0 12 12\">\n\t\t\t\t<path fill=\"#fff\" d=\"M2 0a2 2 0 0 0-2 2v2h1.5V2a.5.5 0 0 1 .5-.5h2V0H2Zm2 10.5H2a.5.5 0 0 1-.5-.5V8H0v2a2 2 0 0 0 2 2h2v-1.5ZM8 12v-1.5h2a.5.5 0 0 0 .5-.5V8H12v2a2 2 0 0 1-2 2H8Zm2-12a2 2 0 0 1 2 2v2h-1.5V2a.5.5 0 0 0-.5-.5H8V0h2Z\" \/>\n\t\t\t<\/svg>\n\t\t<\/button><\/figure>\n<\/div>\n\n\n<p>E ancora, cos\u00ec viene descritta nel sito la loro attivit\u00e0:<br>&#8220;Parole O_Stili ha l\u2019obiettivo di responsabilizzare ed educare gli utenti della Rete a scegliere forme di comunicazione non ostile. Promuove i valori espressi nel &#8216;Manifesto della comunicazione non ostile&#8217;. Organizza iniziative di sensibilizzazione e formazione.<\/p>\n\n\n\n<p>Parole O_Stili si rivolge a tutti i cittadini consapevoli del fatto che &#8216;virtuale \u00e8 reale&#8217;, e che l\u2019ostilit\u00e0 in Rete ha conseguenze concrete, gravi e permanenti nella vita delle persone.<\/p>\n\n\n\n<p>Parole O_Stili lavora con le scuole, le universit\u00e0, le imprese, le associazioni e le istituzioni nazionali e territoriali per diffondere le pratiche virtuose della comunicazione in Rete, e per promuovere una consapevolezza diffusa delle responsabilit\u00e0 individuali.&#8221;<\/p>\n\n\n<div class=\"wp-block-image\">\n<figure data-wp-context=\"{&quot;imageId&quot;:&quot;69f032c2d4e8c&quot;}\" data-wp-interactive=\"core\/image\" data-wp-key=\"69f032c2d4e8c\" class=\"alignleft size-full is-resized wp-lightbox-container\"><img loading=\"lazy\" decoding=\"async\" width=\"1340\" height=\"934\" data-wp-class--hide=\"state.isContentHidden\" data-wp-class--show=\"state.isContentVisible\" data-wp-init=\"callbacks.setButtonStyles\" data-wp-on--click=\"actions.showLightbox\" data-wp-on--load=\"callbacks.setButtonStyles\" data-wp-on-window--resize=\"callbacks.setButtonStyles\" src=\"https:\/\/dronero.info\/news\/images\/2024\/02\/manifesto-parole-o-stili_infanzia.jpg\" alt=\"Il Manifesto parole o-stili infanzia\" class=\"wp-image-347\" style=\"width:400px\" srcset=\"https:\/\/dronero.info\/news\/images\/2024\/02\/manifesto-parole-o-stili_infanzia.jpg 1340w, https:\/\/dronero.info\/news\/images\/2024\/02\/manifesto-parole-o-stili_infanzia-300x209.jpg 300w, https:\/\/dronero.info\/news\/images\/2024\/02\/manifesto-parole-o-stili_infanzia-1024x714.jpg 1024w, https:\/\/dronero.info\/news\/images\/2024\/02\/manifesto-parole-o-stili_infanzia-768x535.jpg 768w\" sizes=\"auto, (max-width: 1340px) 100vw, 1340px\" \/><button\n\t\t\tclass=\"lightbox-trigger\"\n\t\t\ttype=\"button\"\n\t\t\taria-haspopup=\"dialog\"\n\t\t\taria-label=\"Ingrandisci\"\n\t\t\tdata-wp-init=\"callbacks.initTriggerButton\"\n\t\t\tdata-wp-on--click=\"actions.showLightbox\"\n\t\t\tdata-wp-style--right=\"state.imageButtonRight\"\n\t\t\tdata-wp-style--top=\"state.imageButtonTop\"\n\t\t>\n\t\t\t<svg xmlns=\"http:\/\/www.w3.org\/2000\/svg\" width=\"12\" height=\"12\" fill=\"none\" viewBox=\"0 0 12 12\">\n\t\t\t\t<path fill=\"#fff\" d=\"M2 0a2 2 0 0 0-2 2v2h1.5V2a.5.5 0 0 1 .5-.5h2V0H2Zm2 10.5H2a.5.5 0 0 1-.5-.5V8H0v2a2 2 0 0 0 2 2h2v-1.5ZM8 12v-1.5h2a.5.5 0 0 0 .5-.5V8H12v2a2 2 0 0 1-2 2H8Zm2-12a2 2 0 0 1 2 2v2h-1.5V2a.5.5 0 0 0-.5-.5H8V0h2Z\" \/>\n\t\t\t<\/svg>\n\t\t<\/button><figcaption class=\"wp-element-caption\">Il Manifesto delle Parole O_Stili, in versione per l&#8217;infanzia<\/figcaption><\/figure>\n<\/div>\n\n\n<p>Il Manifesto che ne elenca i princ\u00ecpi \u00e8 gi\u00e0 stato tradotto in 39 lingue. Sono inoltre disponibili anche manifesti specifici dedicati ad aziende, scuola, infanzia, inclusione, sport, politica, pubblica amministrazione e scienza.<\/p>\n\n\n\n<p>Il manifesto, in tutte le sue versioni, \u00e8 scaricabile dal sito paroleostili.it ed \u00e8 possibile firmare per condividerne gli intenti, come hanno gi\u00e0 fatto personalit\u00e0 e perfetti sconosciuti.<br>Iscrivendosi alla newsletter si resta aggiornati sulle attivit\u00e0 dell&#8217;associazione.<\/p>\n\n\n\n<p>Recentemente ho ascoltato la testimonianza di una ragazza, piuttosto conosciuta nel proprio ambiente di attivit\u00e0. Vittima di cyberbullismo, raccontava al pubblico giovane di aver superato lo sconforto che la assaliva leggendo le frasi degli haters nei suoi confronti semplicemente (si fa per dire) andando a cercare ed esaltando il valore anche di un solo messaggio positivo, sebbene circondato da tanti altri offensivi.<\/p>\n\n\n\n<p>Se \u00e8 vero che il mare \u00e8 fatto di tante gocce, a volte basta un bicchier d&#8217;acqua a salvare la vita di una persona perch\u00e9 non muoia di sete.<\/p>\n\n\n\n<p>\u00c8 dimostrato che le iniziative che inducono le persone a riflettere e ad acquisire piccole abitudini quotidiane positive possono fare la differenza, specialmente quando sono in gioco atteggiamenti che sconfinano nella violenza.<\/p>\n\n\n\n<p><small>Fonte: SalaStampa.Eu &#8211; Testo: Ines Beltramo. All Rights Reserved.<\/small><\/p>\n\n\n<p><div style=\"border: 2px dotted #CCC; padding:5px; margin:0; text-align:center;\"><i>Questo articolo \u00e8 stato offerto da:<\/i>\n<h4><a href=\"http:\/\/cavallobianco.tel\" target=\"_blank\" rel=\"noopener noreferrer\">Cavallo Bianco<\/a><\/h4>\nRistorante Pizzeria Albergo in Dronero (Cuneo)\n<\/div><\/p>","protected":false},"excerpt":{"rendered":"<p>Con piacevole meraviglia ho scoperto l&#8217;esistenza di un&#8217;associazione, Parole O_Stili che, come riportato nel sito<\/p>\n","protected":false},"author":1,"featured_media":347,"comment_status":"closed","ping_status":"closed","sticky":false,"template":"","format":"standard","meta":{"footnotes":"","_links_to":"","_links_to_target":""},"categories":[18,23],"tags":[46],"class_list":["post-345","post","type-post","status-publish","format-standard","has-post-thumbnail","hentry","category-mondo","category-societa","tag-associazioni"],"yoast_head":"<!-- This site is optimized with the Yoast SEO plugin v27.1.1 - https:\/\/yoast.com\/product\/yoast-seo-wordpress\/ -->\n<title>Il peso delle parole - Dronero.info<\/title>\n<meta name=\"description\" content=\"L&#039;associazione Parole-O-Stili si batte per un uso pi\u00f9 consapevole e rispettoso del nostro linguaggio, perch\u00e9 \u00e8 importante cosa e come si dice qualcosa\" \/>\n<meta name=\"robots\" content=\"index, follow, max-snippet:-1, max-image-preview:large, max-video-preview:-1\" \/>\n<link rel=\"canonical\" href=\"https:\/\/dronero.info\/news\/2024\/02\/24\/il-peso-delle-parole\/\" \/>\n<meta property=\"og:locale\" content=\"it_IT\" \/>\n<meta property=\"og:type\" content=\"article\" \/>\n<meta property=\"og:title\" content=\"Il peso delle parole - Dronero.info\" \/>\n<meta property=\"og:description\" content=\"L&#039;associazione Parole-O-Stili si batte per un uso pi\u00f9 consapevole e rispettoso del nostro linguaggio, perch\u00e9 \u00e8 importante cosa e come si dice qualcosa\" \/>\n<meta property=\"og:url\" content=\"https:\/\/dronero.info\/news\/2024\/02\/24\/il-peso-delle-parole\/\" \/>\n<meta property=\"og:site_name\" content=\"Dronero.info\" \/>\n<meta property=\"article:published_time\" content=\"2024-02-24T21:11:32+00:00\" \/>\n<meta property=\"article:modified_time\" content=\"2026-01-13T11:01:46+00:00\" \/>\n<meta property=\"og:image\" content=\"https:\/\/dronero.info\/news\/images\/2024\/02\/manifesto-parole-o-stili_infanzia.jpg\" \/>\n\t<meta property=\"og:image:width\" content=\"1340\" \/>\n\t<meta property=\"og:image:height\" content=\"934\" \/>\n\t<meta property=\"og:image:type\" content=\"image\/jpeg\" \/>\n<meta name=\"author\" content=\"rubines\" \/>\n<meta name=\"twitter:card\" content=\"summary_large_image\" \/>\n<meta name=\"twitter:label1\" content=\"Scritto da\" \/>\n\t<meta name=\"twitter:data1\" content=\"rubines\" \/>\n\t<meta name=\"twitter:label2\" content=\"Tempo di lettura stimato\" \/>\n\t<meta name=\"twitter:data2\" content=\"2 minuti\" \/>\n<script type=\"application\/ld+json\" class=\"yoast-schema-graph\">{\"@context\":\"https:\/\/schema.org\",\"@graph\":[{\"@type\":\"Article\",\"@id\":\"https:\/\/dronero.info\/news\/2024\/02\/24\/il-peso-delle-parole\/#article\",\"isPartOf\":{\"@id\":\"https:\/\/dronero.info\/news\/2024\/02\/24\/il-peso-delle-parole\/\"},\"author\":{\"name\":\"rubines\",\"@id\":\"https:\/\/dronero.info\/news\/#\/schema\/person\/1c3c7855ceeebd1edb28810e7e80a061\"},\"headline\":\"Il peso delle parole\",\"datePublished\":\"2024-02-24T21:11:32+00:00\",\"dateModified\":\"2026-01-13T11:01:46+00:00\",\"mainEntityOfPage\":{\"@id\":\"https:\/\/dronero.info\/news\/2024\/02\/24\/il-peso-delle-parole\/\"},\"wordCount\":431,\"image\":{\"@id\":\"https:\/\/dronero.info\/news\/2024\/02\/24\/il-peso-delle-parole\/#primaryimage\"},\"thumbnailUrl\":\"https:\/\/dronero.info\/news\/images\/2024\/02\/manifesto-parole-o-stili_infanzia.jpg\",\"keywords\":[\"associazioni\"],\"articleSection\":[\"Mondo\",\"Societ\u00e0\"],\"inLanguage\":\"it-IT\"},{\"@type\":\"WebPage\",\"@id\":\"https:\/\/dronero.info\/news\/2024\/02\/24\/il-peso-delle-parole\/\",\"url\":\"https:\/\/dronero.info\/news\/2024\/02\/24\/il-peso-delle-parole\/\",\"name\":\"Il peso delle parole - Dronero.info\",\"isPartOf\":{\"@id\":\"https:\/\/dronero.info\/news\/#website\"},\"primaryImageOfPage\":{\"@id\":\"https:\/\/dronero.info\/news\/2024\/02\/24\/il-peso-delle-parole\/#primaryimage\"},\"image\":{\"@id\":\"https:\/\/dronero.info\/news\/2024\/02\/24\/il-peso-delle-parole\/#primaryimage\"},\"thumbnailUrl\":\"https:\/\/dronero.info\/news\/images\/2024\/02\/manifesto-parole-o-stili_infanzia.jpg\",\"datePublished\":\"2024-02-24T21:11:32+00:00\",\"dateModified\":\"2026-01-13T11:01:46+00:00\",\"author\":{\"@id\":\"https:\/\/dronero.info\/news\/#\/schema\/person\/1c3c7855ceeebd1edb28810e7e80a061\"},\"description\":\"L'associazione Parole-O-Stili si batte per un uso pi\u00f9 consapevole e rispettoso del nostro linguaggio, perch\u00e9 \u00e8 importante cosa e come si dice qualcosa\",\"breadcrumb\":{\"@id\":\"https:\/\/dronero.info\/news\/2024\/02\/24\/il-peso-delle-parole\/#breadcrumb\"},\"inLanguage\":\"it-IT\",\"potentialAction\":[{\"@type\":\"ReadAction\",\"target\":[\"https:\/\/dronero.info\/news\/2024\/02\/24\/il-peso-delle-parole\/\"]}]},{\"@type\":\"ImageObject\",\"inLanguage\":\"it-IT\",\"@id\":\"https:\/\/dronero.info\/news\/2024\/02\/24\/il-peso-delle-parole\/#primaryimage\",\"url\":\"https:\/\/dronero.info\/news\/images\/2024\/02\/manifesto-parole-o-stili_infanzia.jpg\",\"contentUrl\":\"https:\/\/dronero.info\/news\/images\/2024\/02\/manifesto-parole-o-stili_infanzia.jpg\",\"width\":1340,\"height\":934,\"caption\":\"Il Manifesto parole o-stili infanzia\"},{\"@type\":\"BreadcrumbList\",\"@id\":\"https:\/\/dronero.info\/news\/2024\/02\/24\/il-peso-delle-parole\/#breadcrumb\",\"itemListElement\":[{\"@type\":\"ListItem\",\"position\":1,\"name\":\"Home\",\"item\":\"https:\/\/dronero.info\/news\/\"},{\"@type\":\"ListItem\",\"position\":2,\"name\":\"Il peso delle parole\"}]},{\"@type\":\"WebSite\",\"@id\":\"https:\/\/dronero.info\/news\/#website\",\"url\":\"https:\/\/dronero.info\/news\/\",\"name\":\"Dronero.info\",\"description\":\"Notizie che meritano diffusione\",\"potentialAction\":[{\"@type\":\"SearchAction\",\"target\":{\"@type\":\"EntryPoint\",\"urlTemplate\":\"https:\/\/dronero.info\/news\/?s={search_term_string}\"},\"query-input\":{\"@type\":\"PropertyValueSpecification\",\"valueRequired\":true,\"valueName\":\"search_term_string\"}}],\"inLanguage\":\"it-IT\"},{\"@type\":\"Person\",\"@id\":\"https:\/\/dronero.info\/news\/#\/schema\/person\/1c3c7855ceeebd1edb28810e7e80a061\",\"name\":\"rubines\",\"image\":{\"@type\":\"ImageObject\",\"inLanguage\":\"it-IT\",\"@id\":\"https:\/\/dronero.info\/news\/#\/schema\/person\/image\/\",\"url\":\"https:\/\/secure.gravatar.com\/avatar\/c2f0e0d515a107624234994507816ca4724c7199cef73fc8bedebf6931d73888?s=96&d=mm&r=g\",\"contentUrl\":\"https:\/\/secure.gravatar.com\/avatar\/c2f0e0d515a107624234994507816ca4724c7199cef73fc8bedebf6931d73888?s=96&d=mm&r=g\",\"caption\":\"rubines\"},\"url\":\"https:\/\/dronero.info\/news\/author\/rubines\/\"}]}<\/script>\n<!-- \/ Yoast SEO plugin. -->","yoast_head_json":{"title":"Il peso delle parole - Dronero.info","description":"L'associazione Parole-O-Stili si batte per un uso pi\u00f9 consapevole e rispettoso del nostro linguaggio, perch\u00e9 \u00e8 importante cosa e come si dice qualcosa","robots":{"index":"index","follow":"follow","max-snippet":"max-snippet:-1","max-image-preview":"max-image-preview:large","max-video-preview":"max-video-preview:-1"},"canonical":"https:\/\/dronero.info\/news\/2024\/02\/24\/il-peso-delle-parole\/","og_locale":"it_IT","og_type":"article","og_title":"Il peso delle parole - Dronero.info","og_description":"L'associazione Parole-O-Stili si batte per un uso pi\u00f9 consapevole e rispettoso del nostro linguaggio, perch\u00e9 \u00e8 importante cosa e come si dice qualcosa","og_url":"https:\/\/dronero.info\/news\/2024\/02\/24\/il-peso-delle-parole\/","og_site_name":"Dronero.info","article_published_time":"2024-02-24T21:11:32+00:00","article_modified_time":"2026-01-13T11:01:46+00:00","og_image":[{"width":1340,"height":934,"url":"https:\/\/dronero.info\/news\/images\/2024\/02\/manifesto-parole-o-stili_infanzia.jpg","type":"image\/jpeg"}],"author":"rubines","twitter_card":"summary_large_image","twitter_misc":{"Scritto da":"rubines","Tempo di lettura stimato":"2 minuti"},"schema":{"@context":"https:\/\/schema.org","@graph":[{"@type":"Article","@id":"https:\/\/dronero.info\/news\/2024\/02\/24\/il-peso-delle-parole\/#article","isPartOf":{"@id":"https:\/\/dronero.info\/news\/2024\/02\/24\/il-peso-delle-parole\/"},"author":{"name":"rubines","@id":"https:\/\/dronero.info\/news\/#\/schema\/person\/1c3c7855ceeebd1edb28810e7e80a061"},"headline":"Il peso delle parole","datePublished":"2024-02-24T21:11:32+00:00","dateModified":"2026-01-13T11:01:46+00:00","mainEntityOfPage":{"@id":"https:\/\/dronero.info\/news\/2024\/02\/24\/il-peso-delle-parole\/"},"wordCount":431,"image":{"@id":"https:\/\/dronero.info\/news\/2024\/02\/24\/il-peso-delle-parole\/#primaryimage"},"thumbnailUrl":"https:\/\/dronero.info\/news\/images\/2024\/02\/manifesto-parole-o-stili_infanzia.jpg","keywords":["associazioni"],"articleSection":["Mondo","Societ\u00e0"],"inLanguage":"it-IT"},{"@type":"WebPage","@id":"https:\/\/dronero.info\/news\/2024\/02\/24\/il-peso-delle-parole\/","url":"https:\/\/dronero.info\/news\/2024\/02\/24\/il-peso-delle-parole\/","name":"Il peso delle parole - Dronero.info","isPartOf":{"@id":"https:\/\/dronero.info\/news\/#website"},"primaryImageOfPage":{"@id":"https:\/\/dronero.info\/news\/2024\/02\/24\/il-peso-delle-parole\/#primaryimage"},"image":{"@id":"https:\/\/dronero.info\/news\/2024\/02\/24\/il-peso-delle-parole\/#primaryimage"},"thumbnailUrl":"https:\/\/dronero.info\/news\/images\/2024\/02\/manifesto-parole-o-stili_infanzia.jpg","datePublished":"2024-02-24T21:11:32+00:00","dateModified":"2026-01-13T11:01:46+00:00","author":{"@id":"https:\/\/dronero.info\/news\/#\/schema\/person\/1c3c7855ceeebd1edb28810e7e80a061"},"description":"L'associazione Parole-O-Stili si batte per un uso pi\u00f9 consapevole e rispettoso del nostro linguaggio, perch\u00e9 \u00e8 importante cosa e come si dice qualcosa","breadcrumb":{"@id":"https:\/\/dronero.info\/news\/2024\/02\/24\/il-peso-delle-parole\/#breadcrumb"},"inLanguage":"it-IT","potentialAction":[{"@type":"ReadAction","target":["https:\/\/dronero.info\/news\/2024\/02\/24\/il-peso-delle-parole\/"]}]},{"@type":"ImageObject","inLanguage":"it-IT","@id":"https:\/\/dronero.info\/news\/2024\/02\/24\/il-peso-delle-parole\/#primaryimage","url":"https:\/\/dronero.info\/news\/images\/2024\/02\/manifesto-parole-o-stili_infanzia.jpg","contentUrl":"https:\/\/dronero.info\/news\/images\/2024\/02\/manifesto-parole-o-stili_infanzia.jpg","width":1340,"height":934,"caption":"Il Manifesto parole o-stili infanzia"},{"@type":"BreadcrumbList","@id":"https:\/\/dronero.info\/news\/2024\/02\/24\/il-peso-delle-parole\/#breadcrumb","itemListElement":[{"@type":"ListItem","position":1,"name":"Home","item":"https:\/\/dronero.info\/news\/"},{"@type":"ListItem","position":2,"name":"Il peso delle parole"}]},{"@type":"WebSite","@id":"https:\/\/dronero.info\/news\/#website","url":"https:\/\/dronero.info\/news\/","name":"Dronero.info","description":"Notizie che meritano diffusione","potentialAction":[{"@type":"SearchAction","target":{"@type":"EntryPoint","urlTemplate":"https:\/\/dronero.info\/news\/?s={search_term_string}"},"query-input":{"@type":"PropertyValueSpecification","valueRequired":true,"valueName":"search_term_string"}}],"inLanguage":"it-IT"},{"@type":"Person","@id":"https:\/\/dronero.info\/news\/#\/schema\/person\/1c3c7855ceeebd1edb28810e7e80a061","name":"rubines","image":{"@type":"ImageObject","inLanguage":"it-IT","@id":"https:\/\/dronero.info\/news\/#\/schema\/person\/image\/","url":"https:\/\/secure.gravatar.com\/avatar\/c2f0e0d515a107624234994507816ca4724c7199cef73fc8bedebf6931d73888?s=96&d=mm&r=g","contentUrl":"https:\/\/secure.gravatar.com\/avatar\/c2f0e0d515a107624234994507816ca4724c7199cef73fc8bedebf6931d73888?s=96&d=mm&r=g","caption":"rubines"},"url":"https:\/\/dronero.info\/news\/author\/rubines\/"}]}},"views":1166,"_links":{"self":[{"href":"https:\/\/dronero.info\/news\/wp-json\/wp\/v2\/posts\/345","targetHints":{"allow":["GET"]}}],"collection":[{"href":"https:\/\/dronero.info\/news\/wp-json\/wp\/v2\/posts"}],"about":[{"href":"https:\/\/dronero.info\/news\/wp-json\/wp\/v2\/types\/post"}],"author":[{"embeddable":true,"href":"https:\/\/dronero.info\/news\/wp-json\/wp\/v2\/users\/1"}],"replies":[{"embeddable":true,"href":"https:\/\/dronero.info\/news\/wp-json\/wp\/v2\/comments?post=345"}],"version-history":[{"count":0,"href":"https:\/\/dronero.info\/news\/wp-json\/wp\/v2\/posts\/345\/revisions"}],"wp:featuredmedia":[{"embeddable":true,"href":"https:\/\/dronero.info\/news\/wp-json\/wp\/v2\/media\/347"}],"wp:attachment":[{"href":"https:\/\/dronero.info\/news\/wp-json\/wp\/v2\/media?parent=345"}],"wp:term":[{"taxonomy":"category","embeddable":true,"href":"https:\/\/dronero.info\/news\/wp-json\/wp\/v2\/categories?post=345"},{"taxonomy":"post_tag","embeddable":true,"href":"https:\/\/dronero.info\/news\/wp-json\/wp\/v2\/tags?post=345"}],"curies":[{"name":"wp","href":"https:\/\/api.w.org\/{rel}","templated":true}]}}