{"id":342,"date":"2024-02-09T17:07:37","date_gmt":"2024-02-09T16:07:37","guid":{"rendered":"https:\/\/dronero.info\/news\/?p=342"},"modified":"2024-02-26T12:18:23","modified_gmt":"2024-02-26T11:18:23","slug":"particolato-origine-effetti-e-possibili-rimedi","status":"publish","type":"post","link":"https:\/\/dronero.info\/news\/2024\/02\/09\/particolato-origine-effetti-e-possibili-rimedi\/","title":{"rendered":"Particolato: origine, effetti e possibili rimedi"},"content":{"rendered":"\n<figure class=\"wp-block-video\"><video controls src=\"https:\/\/dronero.info\/news\/images\/2024\/02\/inquinamento-aria-pianura-padana.mp4\"><\/video><\/figure>\n\n\n\n<p>Sentiamo parlare tutti i giorni di inquinamento dell&#8217;aria e i valori di rilevamento delle cosiddette &#8220;polveri sottili&#8221; o &#8220;particolato&#8221; esprimono, soprattutto nelle citt\u00e0, la pi\u00f9 o meno grande salubrit\u00e0 ci ci\u00f2 che le persone respirano. Inoltre, il monitoraggio di tali parametri regola anche la circolazione dei mezzi di trasporto nelle zone pi\u00f9 a rischio, incidendo sull&#8217;attivit\u00e0 economica e sociale di milioni di persone.<\/p>\n\n\n\n<p>Le limitazioni al traffico riducono le emissioni dei gas di scarico degli automezzi, ma a ben vedere queste non contribuiscono ad ammorbare l&#8217;aria in modo cos\u00ec determinante come potremmo pensare&#8230;<\/p>\n\n\n\n<p><small>Fonte: Lifegate \/ SalaStampa.Eu &#8211; Testo: I.B. All Rights Reserved.<\/small><\/p>\n<a rel=\"license noopener\" href=\"http:\/\/creativecommons.org\/licenses\/by-nc-nd\/4.0\/\" target=\"_blank\"><img loading=\"lazy\" decoding=\"async\" alt=\"Licenza Creative Commons\" width=\"88\" height=\"31\" style=\"border-width:0; float:left; margin-top:25px; padding-right:10px;\" src=\"https:\/\/i.creativecommons.org\/l\/by-nc-nd\/4.0\/88x31.png\" \/><\/a><br\/><div style=\"font-size:.8em; line-height: .8; color:black;\">Quest&#8217;opera (il video) \u00e8 distribuita con Licenza <br><a style=\"font-size:1em; color:black; line-height: normal;\" rel=\"license noopener\" href=\"http:\/\/creativecommons.org\/licenses\/by-nc-nd\/4.0\/\" target=\"_blank\">Creative Commons Attribuzione &#8211; Non commerciale &#8211; Non opere derivate 4.0 Internazionale<\/a>.<\/div>\n\n<br>\n<div style=\"border: 2px dotted #CCC; padding:5px; margin:0; text-align:center;\"><i>Questo articolo \u00e8 stato offerto da:<\/i><\/p>\n<h4><a href=\"http:\/\/ponyconnemara.tel\" target=\"_blank\" rel=\"noopener noreferrer\">Azienda Agricola La Barona<\/a><\/h4>\n<p>allevamento pony connemara in Villar San Costanzo (Cuneo)<\/p>\n<\/div>","protected":false},"excerpt":{"rendered":"<p>Sentiamo parlare tutti i giorni di inquinamento dell&#8217;aria e i valori di rilevamento delle cosiddette<\/p>\n","protected":false},"author":1,"featured_media":343,"comment_status":"closed","ping_status":"closed","sticky":false,"template":"","format":"standard","meta":{"footnotes":"","_links_to":"","_links_to_target":""},"categories":[33,7],"tags":[35],"class_list":["post-342","post","type-post","status-publish","format-standard","has-post-thumbnail","hentry","category-geo","category-italia","tag-salute"],"yoast_head":"<!-- This site is optimized with the Yoast SEO plugin v27.1.1 - https:\/\/yoast.com\/product\/yoast-seo-wordpress\/ -->\n<title>Particolato: origine, effetti e possibili rimedi - Dronero.info<\/title>\n<meta name=\"description\" content=\"Sentiamo parlare tutti i giorni di inquinamento dell&#039;aria, ma sappiamo cosa si intende per polveri sottili o particolato?\" \/>\n<meta name=\"robots\" content=\"index, follow, max-snippet:-1, max-image-preview:large, max-video-preview:-1\" \/>\n<link rel=\"canonical\" href=\"https:\/\/dronero.info\/news\/2024\/02\/09\/particolato-origine-effetti-e-possibili-rimedi\/\" \/>\n<meta property=\"og:locale\" content=\"it_IT\" \/>\n<meta property=\"og:type\" content=\"article\" \/>\n<meta property=\"og:title\" content=\"Particolato: origine, effetti e possibili rimedi - Dronero.info\" \/>\n<meta property=\"og:description\" content=\"Sentiamo parlare tutti i giorni di inquinamento dell&#039;aria, ma sappiamo cosa si intende per polveri sottili o particolato?\" \/>\n<meta property=\"og:url\" content=\"https:\/\/dronero.info\/news\/2024\/02\/09\/particolato-origine-effetti-e-possibili-rimedi\/\" \/>\n<meta property=\"og:site_name\" content=\"Dronero.info\" \/>\n<meta property=\"article:published_time\" content=\"2024-02-09T16:07:37+00:00\" \/>\n<meta property=\"article:modified_time\" content=\"2024-02-26T11:18:23+00:00\" \/>\n<meta property=\"og:image\" content=\"https:\/\/dronero.info\/news\/images\/2024\/02\/particolato.jpg\" \/>\n\t<meta property=\"og:image:width\" content=\"600\" \/>\n\t<meta property=\"og:image:height\" content=\"400\" \/>\n\t<meta property=\"og:image:type\" content=\"image\/jpeg\" \/>\n<meta name=\"author\" content=\"rubines\" \/>\n<meta name=\"twitter:card\" content=\"summary_large_image\" \/>\n<meta name=\"twitter:label1\" content=\"Scritto da\" \/>\n\t<meta name=\"twitter:data1\" content=\"rubines\" \/>\n\t<meta name=\"twitter:label2\" content=\"Tempo di lettura stimato\" \/>\n\t<meta name=\"twitter:data2\" content=\"1 minuto\" \/>\n<script type=\"application\/ld+json\" class=\"yoast-schema-graph\">{\"@context\":\"https:\/\/schema.org\",\"@graph\":[{\"@type\":\"Article\",\"@id\":\"https:\/\/dronero.info\/news\/2024\/02\/09\/particolato-origine-effetti-e-possibili-rimedi\/#article\",\"isPartOf\":{\"@id\":\"https:\/\/dronero.info\/news\/2024\/02\/09\/particolato-origine-effetti-e-possibili-rimedi\/\"},\"author\":{\"name\":\"rubines\",\"@id\":\"https:\/\/dronero.info\/news\/#\/schema\/person\/1c3c7855ceeebd1edb28810e7e80a061\"},\"headline\":\"Particolato: origine, effetti e possibili rimedi\",\"datePublished\":\"2024-02-09T16:07:37+00:00\",\"dateModified\":\"2024-02-26T11:18:23+00:00\",\"mainEntityOfPage\":{\"@id\":\"https:\/\/dronero.info\/news\/2024\/02\/09\/particolato-origine-effetti-e-possibili-rimedi\/\"},\"wordCount\":148,\"image\":{\"@id\":\"https:\/\/dronero.info\/news\/2024\/02\/09\/particolato-origine-effetti-e-possibili-rimedi\/#primaryimage\"},\"thumbnailUrl\":\"https:\/\/dronero.info\/news\/images\/2024\/02\/particolato.jpg\",\"keywords\":[\"salute\"],\"articleSection\":[\"Geo\",\"Italia\"],\"inLanguage\":\"it-IT\"},{\"@type\":\"WebPage\",\"@id\":\"https:\/\/dronero.info\/news\/2024\/02\/09\/particolato-origine-effetti-e-possibili-rimedi\/\",\"url\":\"https:\/\/dronero.info\/news\/2024\/02\/09\/particolato-origine-effetti-e-possibili-rimedi\/\",\"name\":\"Particolato: origine, effetti e possibili rimedi - Dronero.info\",\"isPartOf\":{\"@id\":\"https:\/\/dronero.info\/news\/#website\"},\"primaryImageOfPage\":{\"@id\":\"https:\/\/dronero.info\/news\/2024\/02\/09\/particolato-origine-effetti-e-possibili-rimedi\/#primaryimage\"},\"image\":{\"@id\":\"https:\/\/dronero.info\/news\/2024\/02\/09\/particolato-origine-effetti-e-possibili-rimedi\/#primaryimage\"},\"thumbnailUrl\":\"https:\/\/dronero.info\/news\/images\/2024\/02\/particolato.jpg\",\"datePublished\":\"2024-02-09T16:07:37+00:00\",\"dateModified\":\"2024-02-26T11:18:23+00:00\",\"author\":{\"@id\":\"https:\/\/dronero.info\/news\/#\/schema\/person\/1c3c7855ceeebd1edb28810e7e80a061\"},\"description\":\"Sentiamo parlare tutti i giorni di inquinamento dell'aria, ma sappiamo cosa si intende per polveri sottili o particolato?\",\"breadcrumb\":{\"@id\":\"https:\/\/dronero.info\/news\/2024\/02\/09\/particolato-origine-effetti-e-possibili-rimedi\/#breadcrumb\"},\"inLanguage\":\"it-IT\",\"potentialAction\":[{\"@type\":\"ReadAction\",\"target\":[\"https:\/\/dronero.info\/news\/2024\/02\/09\/particolato-origine-effetti-e-possibili-rimedi\/\"]}]},{\"@type\":\"ImageObject\",\"inLanguage\":\"it-IT\",\"@id\":\"https:\/\/dronero.info\/news\/2024\/02\/09\/particolato-origine-effetti-e-possibili-rimedi\/#primaryimage\",\"url\":\"https:\/\/dronero.info\/news\/images\/2024\/02\/particolato.jpg\",\"contentUrl\":\"https:\/\/dronero.info\/news\/images\/2024\/02\/particolato.jpg\",\"width\":600,\"height\":400,\"caption\":\"Particolato\"},{\"@type\":\"BreadcrumbList\",\"@id\":\"https:\/\/dronero.info\/news\/2024\/02\/09\/particolato-origine-effetti-e-possibili-rimedi\/#breadcrumb\",\"itemListElement\":[{\"@type\":\"ListItem\",\"position\":1,\"name\":\"Home\",\"item\":\"https:\/\/dronero.info\/news\/\"},{\"@type\":\"ListItem\",\"position\":2,\"name\":\"Particolato: origine, effetti e possibili rimedi\"}]},{\"@type\":\"WebSite\",\"@id\":\"https:\/\/dronero.info\/news\/#website\",\"url\":\"https:\/\/dronero.info\/news\/\",\"name\":\"Dronero.info\",\"description\":\"Notizie che meritano diffusione\",\"potentialAction\":[{\"@type\":\"SearchAction\",\"target\":{\"@type\":\"EntryPoint\",\"urlTemplate\":\"https:\/\/dronero.info\/news\/?s={search_term_string}\"},\"query-input\":{\"@type\":\"PropertyValueSpecification\",\"valueRequired\":true,\"valueName\":\"search_term_string\"}}],\"inLanguage\":\"it-IT\"},{\"@type\":\"Person\",\"@id\":\"https:\/\/dronero.info\/news\/#\/schema\/person\/1c3c7855ceeebd1edb28810e7e80a061\",\"name\":\"rubines\",\"image\":{\"@type\":\"ImageObject\",\"inLanguage\":\"it-IT\",\"@id\":\"https:\/\/dronero.info\/news\/#\/schema\/person\/image\/\",\"url\":\"https:\/\/secure.gravatar.com\/avatar\/c2f0e0d515a107624234994507816ca4724c7199cef73fc8bedebf6931d73888?s=96&d=mm&r=g\",\"contentUrl\":\"https:\/\/secure.gravatar.com\/avatar\/c2f0e0d515a107624234994507816ca4724c7199cef73fc8bedebf6931d73888?s=96&d=mm&r=g\",\"caption\":\"rubines\"},\"url\":\"https:\/\/dronero.info\/news\/author\/rubines\/\"}]}<\/script>\n<!-- \/ Yoast SEO plugin. -->","yoast_head_json":{"title":"Particolato: origine, effetti e possibili rimedi - Dronero.info","description":"Sentiamo parlare tutti i giorni di inquinamento dell'aria, ma sappiamo cosa si intende per polveri sottili o particolato?","robots":{"index":"index","follow":"follow","max-snippet":"max-snippet:-1","max-image-preview":"max-image-preview:large","max-video-preview":"max-video-preview:-1"},"canonical":"https:\/\/dronero.info\/news\/2024\/02\/09\/particolato-origine-effetti-e-possibili-rimedi\/","og_locale":"it_IT","og_type":"article","og_title":"Particolato: origine, effetti e possibili rimedi - Dronero.info","og_description":"Sentiamo parlare tutti i giorni di inquinamento dell'aria, ma sappiamo cosa si intende per polveri sottili o particolato?","og_url":"https:\/\/dronero.info\/news\/2024\/02\/09\/particolato-origine-effetti-e-possibili-rimedi\/","og_site_name":"Dronero.info","article_published_time":"2024-02-09T16:07:37+00:00","article_modified_time":"2024-02-26T11:18:23+00:00","og_image":[{"width":600,"height":400,"url":"https:\/\/dronero.info\/news\/images\/2024\/02\/particolato.jpg","type":"image\/jpeg"}],"author":"rubines","twitter_card":"summary_large_image","twitter_misc":{"Scritto da":"rubines","Tempo di lettura stimato":"1 minuto"},"schema":{"@context":"https:\/\/schema.org","@graph":[{"@type":"Article","@id":"https:\/\/dronero.info\/news\/2024\/02\/09\/particolato-origine-effetti-e-possibili-rimedi\/#article","isPartOf":{"@id":"https:\/\/dronero.info\/news\/2024\/02\/09\/particolato-origine-effetti-e-possibili-rimedi\/"},"author":{"name":"rubines","@id":"https:\/\/dronero.info\/news\/#\/schema\/person\/1c3c7855ceeebd1edb28810e7e80a061"},"headline":"Particolato: origine, effetti e possibili rimedi","datePublished":"2024-02-09T16:07:37+00:00","dateModified":"2024-02-26T11:18:23+00:00","mainEntityOfPage":{"@id":"https:\/\/dronero.info\/news\/2024\/02\/09\/particolato-origine-effetti-e-possibili-rimedi\/"},"wordCount":148,"image":{"@id":"https:\/\/dronero.info\/news\/2024\/02\/09\/particolato-origine-effetti-e-possibili-rimedi\/#primaryimage"},"thumbnailUrl":"https:\/\/dronero.info\/news\/images\/2024\/02\/particolato.jpg","keywords":["salute"],"articleSection":["Geo","Italia"],"inLanguage":"it-IT"},{"@type":"WebPage","@id":"https:\/\/dronero.info\/news\/2024\/02\/09\/particolato-origine-effetti-e-possibili-rimedi\/","url":"https:\/\/dronero.info\/news\/2024\/02\/09\/particolato-origine-effetti-e-possibili-rimedi\/","name":"Particolato: origine, effetti e possibili rimedi - Dronero.info","isPartOf":{"@id":"https:\/\/dronero.info\/news\/#website"},"primaryImageOfPage":{"@id":"https:\/\/dronero.info\/news\/2024\/02\/09\/particolato-origine-effetti-e-possibili-rimedi\/#primaryimage"},"image":{"@id":"https:\/\/dronero.info\/news\/2024\/02\/09\/particolato-origine-effetti-e-possibili-rimedi\/#primaryimage"},"thumbnailUrl":"https:\/\/dronero.info\/news\/images\/2024\/02\/particolato.jpg","datePublished":"2024-02-09T16:07:37+00:00","dateModified":"2024-02-26T11:18:23+00:00","author":{"@id":"https:\/\/dronero.info\/news\/#\/schema\/person\/1c3c7855ceeebd1edb28810e7e80a061"},"description":"Sentiamo parlare tutti i giorni di inquinamento dell'aria, ma sappiamo cosa si intende per polveri sottili o particolato?","breadcrumb":{"@id":"https:\/\/dronero.info\/news\/2024\/02\/09\/particolato-origine-effetti-e-possibili-rimedi\/#breadcrumb"},"inLanguage":"it-IT","potentialAction":[{"@type":"ReadAction","target":["https:\/\/dronero.info\/news\/2024\/02\/09\/particolato-origine-effetti-e-possibili-rimedi\/"]}]},{"@type":"ImageObject","inLanguage":"it-IT","@id":"https:\/\/dronero.info\/news\/2024\/02\/09\/particolato-origine-effetti-e-possibili-rimedi\/#primaryimage","url":"https:\/\/dronero.info\/news\/images\/2024\/02\/particolato.jpg","contentUrl":"https:\/\/dronero.info\/news\/images\/2024\/02\/particolato.jpg","width":600,"height":400,"caption":"Particolato"},{"@type":"BreadcrumbList","@id":"https:\/\/dronero.info\/news\/2024\/02\/09\/particolato-origine-effetti-e-possibili-rimedi\/#breadcrumb","itemListElement":[{"@type":"ListItem","position":1,"name":"Home","item":"https:\/\/dronero.info\/news\/"},{"@type":"ListItem","position":2,"name":"Particolato: origine, effetti e possibili rimedi"}]},{"@type":"WebSite","@id":"https:\/\/dronero.info\/news\/#website","url":"https:\/\/dronero.info\/news\/","name":"Dronero.info","description":"Notizie che meritano diffusione","potentialAction":[{"@type":"SearchAction","target":{"@type":"EntryPoint","urlTemplate":"https:\/\/dronero.info\/news\/?s={search_term_string}"},"query-input":{"@type":"PropertyValueSpecification","valueRequired":true,"valueName":"search_term_string"}}],"inLanguage":"it-IT"},{"@type":"Person","@id":"https:\/\/dronero.info\/news\/#\/schema\/person\/1c3c7855ceeebd1edb28810e7e80a061","name":"rubines","image":{"@type":"ImageObject","inLanguage":"it-IT","@id":"https:\/\/dronero.info\/news\/#\/schema\/person\/image\/","url":"https:\/\/secure.gravatar.com\/avatar\/c2f0e0d515a107624234994507816ca4724c7199cef73fc8bedebf6931d73888?s=96&d=mm&r=g","contentUrl":"https:\/\/secure.gravatar.com\/avatar\/c2f0e0d515a107624234994507816ca4724c7199cef73fc8bedebf6931d73888?s=96&d=mm&r=g","caption":"rubines"},"url":"https:\/\/dronero.info\/news\/author\/rubines\/"}]}},"views":1025,"_links":{"self":[{"href":"https:\/\/dronero.info\/news\/wp-json\/wp\/v2\/posts\/342","targetHints":{"allow":["GET"]}}],"collection":[{"href":"https:\/\/dronero.info\/news\/wp-json\/wp\/v2\/posts"}],"about":[{"href":"https:\/\/dronero.info\/news\/wp-json\/wp\/v2\/types\/post"}],"author":[{"embeddable":true,"href":"https:\/\/dronero.info\/news\/wp-json\/wp\/v2\/users\/1"}],"replies":[{"embeddable":true,"href":"https:\/\/dronero.info\/news\/wp-json\/wp\/v2\/comments?post=342"}],"version-history":[{"count":0,"href":"https:\/\/dronero.info\/news\/wp-json\/wp\/v2\/posts\/342\/revisions"}],"wp:featuredmedia":[{"embeddable":true,"href":"https:\/\/dronero.info\/news\/wp-json\/wp\/v2\/media\/343"}],"wp:attachment":[{"href":"https:\/\/dronero.info\/news\/wp-json\/wp\/v2\/media?parent=342"}],"wp:term":[{"taxonomy":"category","embeddable":true,"href":"https:\/\/dronero.info\/news\/wp-json\/wp\/v2\/categories?post=342"},{"taxonomy":"post_tag","embeddable":true,"href":"https:\/\/dronero.info\/news\/wp-json\/wp\/v2\/tags?post=342"}],"curies":[{"name":"wp","href":"https:\/\/api.w.org\/{rel}","templated":true}]}}