{"id":294,"date":"2022-09-25T19:08:00","date_gmt":"2022-09-25T17:08:00","guid":{"rendered":"https:\/\/dronero.info\/news\/?p=294"},"modified":"2024-02-26T12:06:46","modified_gmt":"2024-02-26T11:06:46","slug":"quando-elezioni-diventano-poesia","status":"publish","type":"post","link":"https:\/\/dronero.info\/news\/2022\/09\/25\/quando-elezioni-diventano-poesia\/","title":{"rendered":"Quando le elezioni diventano&#8230; poesia"},"content":{"rendered":"\n<p>&#8220;Le elezioni&#8221; \u00e8 una canzone scritta (insieme a Sandro Luporini) e interpretata da Giorgio Gaber, inserita nello spettacolo &#8220;Libert\u00e0 obbligatoria&#8221;, messo in scena nel 1977.<\/p>\n\n\n\n<p>Il testo, a cui l&#8217;interpretazione e la mimica dell&#8217;artista d\u00e0 una forza particolare, gioca sul contrasto tra banalit\u00e0 e grandi ideali.<\/p>\n\n\n\n<figure class=\"wp-block-video\"><video controls=\"\" src=\"https:\/\/dronero.info\/news\/images\/2022\/09\/giorgio-gaber-le-elezioni.mp4\" width=\"560px\" height=\"400px\"><\/video><\/figure>\n\n\n\n<p>Giorgio Gaber (Milano, 25 gennaio 1939 \u2013 Montemagno di Camaiore, 1\u00ba gennaio 2003) \u00e8 stato cantautore, commediografo, attore, cabarettista, chitarrista e regista teatrale italiano, tra i pi\u00f9 importanti dello spettacolo e della musica italiana del secondo dopoguerra.<\/p>\n\n\n\n<p>Molti e importanti i riconoscimenti e i premi che gli sono stati assegnati, cos\u00ec come molti sono stati i grandi artisti con cui ha condiviso amicizia e palcoscenico: Mina, Pat Boone, Luigi Tenco, Enzo Jannacci, Adriano Celentano, solo per citarne alcuni.<\/p>\n\n\n\n<p>A 45 anni di distanza, i pensieri urticanti del &#8220;Signor G&#8221;, suo alter ego, sono pi\u00f9 che mai attuali.<br>Libert\u00e0 mistificata e omologazione della societ\u00e0 sono soltanto due tra i tanti temi delle sue anticonformiste canzoni, sempre ironiche e spesso irriverenti.<\/p>\n\n\n\n<p>La sua carriera, iniziata quasi per gioco e sviluppatasi attraverso varie e diverse fasi, da un certo punto in poi si \u00e8 fatta impegnata. Ha punzecchiato politica e societ\u00e0 restando sempre uno spirito libero, senza schierarsi da una parte o dall&#8217;altra, interpretando e allo stesso tempo criticando l&#8217;uomo comune.<\/p>\n\n\n\n<p>Le sue canzoni scanzonate hanno ancora una grande forza e un nutrito numero di affezionati ascoltatori.<\/p>\n\n\n\n<p><small>Fonte: SalaStampa.Eu \/ YouTube &#8211; Articolo: Ines Beltramo. All Rights Reserved.<\/small><\/p>\n\n<br>\n<div style=\"border: 2px dotted #CCC; padding:5px; margin:0; text-align:center;\"><i>Questo articolo \u00e8 stato offerto da:<\/i><p><\/p>\n<h4><a href=\"http:\/\/iduemondi.tel\" target=\"_blank\" rel=\"noopener noreferrer\">I Due Mondi<\/a><\/h4>\n<p>pizzeria ristorante in Caraglio (Cuneo)<\/p>\n<\/div>\t","protected":false},"excerpt":{"rendered":"<p>&#8220;Le elezioni&#8221; \u00e8 una canzone scritta (insieme a Sandro Luporini) e interpretata da Giorgio Gaber,<\/p>\n","protected":false},"author":1,"featured_media":295,"comment_status":"closed","ping_status":"closed","sticky":false,"template":"","format":"standard","meta":{"footnotes":"","_links_to":"","_links_to_target":""},"categories":[7,23],"tags":[34],"class_list":["post-294","post","type-post","status-publish","format-standard","has-post-thumbnail","hentry","category-italia","category-societa","tag-personaggi"],"yoast_head":"<!-- This site is optimized with the Yoast SEO plugin v27.1.1 - https:\/\/yoast.com\/product\/yoast-seo-wordpress\/ -->\n<title>Quando le elezioni diventano... poesia - Dronero.info<\/title>\n<meta name=\"description\" content=\"A 45 anni di distanza, i pensieri urticanti della canzone &quot;Le elezioni&quot; di Giorgio Gaber sono pi\u00f9 che mai attuali.\" \/>\n<meta name=\"robots\" content=\"index, follow, max-snippet:-1, max-image-preview:large, max-video-preview:-1\" \/>\n<link rel=\"canonical\" href=\"https:\/\/dronero.info\/news\/2022\/09\/25\/quando-elezioni-diventano-poesia\/\" \/>\n<meta property=\"og:locale\" content=\"it_IT\" \/>\n<meta property=\"og:type\" content=\"article\" \/>\n<meta property=\"og:title\" content=\"Quando le elezioni diventano... poesia - Dronero.info\" \/>\n<meta property=\"og:description\" content=\"A 45 anni di distanza, i pensieri urticanti della canzone &quot;Le elezioni&quot; di Giorgio Gaber sono pi\u00f9 che mai attuali.\" \/>\n<meta property=\"og:url\" content=\"https:\/\/dronero.info\/news\/2022\/09\/25\/quando-elezioni-diventano-poesia\/\" \/>\n<meta property=\"og:site_name\" content=\"Dronero.info\" \/>\n<meta property=\"article:published_time\" content=\"2022-09-25T17:08:00+00:00\" \/>\n<meta property=\"article:modified_time\" content=\"2024-02-26T11:06:46+00:00\" \/>\n<meta property=\"og:image\" content=\"https:\/\/dronero.info\/news\/images\/2022\/09\/giorgio-gaber-le-elezioni.jpg\" \/>\n\t<meta property=\"og:image:width\" content=\"600\" \/>\n\t<meta property=\"og:image:height\" content=\"400\" \/>\n\t<meta property=\"og:image:type\" content=\"image\/jpeg\" \/>\n<meta name=\"author\" content=\"rubines\" \/>\n<meta name=\"twitter:card\" content=\"summary_large_image\" \/>\n<meta name=\"twitter:label1\" content=\"Scritto da\" \/>\n\t<meta name=\"twitter:data1\" content=\"rubines\" \/>\n\t<meta name=\"twitter:label2\" content=\"Tempo di lettura stimato\" \/>\n\t<meta name=\"twitter:data2\" content=\"1 minuto\" \/>\n<script type=\"application\/ld+json\" class=\"yoast-schema-graph\">{\"@context\":\"https:\/\/schema.org\",\"@graph\":[{\"@type\":\"Article\",\"@id\":\"https:\/\/dronero.info\/news\/2022\/09\/25\/quando-elezioni-diventano-poesia\/#article\",\"isPartOf\":{\"@id\":\"https:\/\/dronero.info\/news\/2022\/09\/25\/quando-elezioni-diventano-poesia\/\"},\"author\":{\"name\":\"rubines\",\"@id\":\"https:\/\/dronero.info\/news\/#\/schema\/person\/1c3c7855ceeebd1edb28810e7e80a061\"},\"headline\":\"Quando le elezioni diventano&#8230; poesia\",\"datePublished\":\"2022-09-25T17:08:00+00:00\",\"dateModified\":\"2024-02-26T11:06:46+00:00\",\"mainEntityOfPage\":{\"@id\":\"https:\/\/dronero.info\/news\/2022\/09\/25\/quando-elezioni-diventano-poesia\/\"},\"wordCount\":253,\"image\":{\"@id\":\"https:\/\/dronero.info\/news\/2022\/09\/25\/quando-elezioni-diventano-poesia\/#primaryimage\"},\"thumbnailUrl\":\"https:\/\/dronero.info\/news\/images\/2022\/09\/giorgio-gaber-le-elezioni.jpg\",\"keywords\":[\"personaggi\"],\"articleSection\":[\"Italia\",\"Societ\u00e0\"],\"inLanguage\":\"it-IT\"},{\"@type\":\"WebPage\",\"@id\":\"https:\/\/dronero.info\/news\/2022\/09\/25\/quando-elezioni-diventano-poesia\/\",\"url\":\"https:\/\/dronero.info\/news\/2022\/09\/25\/quando-elezioni-diventano-poesia\/\",\"name\":\"Quando le elezioni diventano... poesia - Dronero.info\",\"isPartOf\":{\"@id\":\"https:\/\/dronero.info\/news\/#website\"},\"primaryImageOfPage\":{\"@id\":\"https:\/\/dronero.info\/news\/2022\/09\/25\/quando-elezioni-diventano-poesia\/#primaryimage\"},\"image\":{\"@id\":\"https:\/\/dronero.info\/news\/2022\/09\/25\/quando-elezioni-diventano-poesia\/#primaryimage\"},\"thumbnailUrl\":\"https:\/\/dronero.info\/news\/images\/2022\/09\/giorgio-gaber-le-elezioni.jpg\",\"datePublished\":\"2022-09-25T17:08:00+00:00\",\"dateModified\":\"2024-02-26T11:06:46+00:00\",\"author\":{\"@id\":\"https:\/\/dronero.info\/news\/#\/schema\/person\/1c3c7855ceeebd1edb28810e7e80a061\"},\"description\":\"A 45 anni di distanza, i pensieri urticanti della canzone \\\"Le elezioni\\\" di Giorgio Gaber sono pi\u00f9 che mai attuali.\",\"breadcrumb\":{\"@id\":\"https:\/\/dronero.info\/news\/2022\/09\/25\/quando-elezioni-diventano-poesia\/#breadcrumb\"},\"inLanguage\":\"it-IT\",\"potentialAction\":[{\"@type\":\"ReadAction\",\"target\":[\"https:\/\/dronero.info\/news\/2022\/09\/25\/quando-elezioni-diventano-poesia\/\"]}]},{\"@type\":\"ImageObject\",\"inLanguage\":\"it-IT\",\"@id\":\"https:\/\/dronero.info\/news\/2022\/09\/25\/quando-elezioni-diventano-poesia\/#primaryimage\",\"url\":\"https:\/\/dronero.info\/news\/images\/2022\/09\/giorgio-gaber-le-elezioni.jpg\",\"contentUrl\":\"https:\/\/dronero.info\/news\/images\/2022\/09\/giorgio-gaber-le-elezioni.jpg\",\"width\":600,\"height\":400,\"caption\":\"Giorgio Gaber - Le elezioni\"},{\"@type\":\"BreadcrumbList\",\"@id\":\"https:\/\/dronero.info\/news\/2022\/09\/25\/quando-elezioni-diventano-poesia\/#breadcrumb\",\"itemListElement\":[{\"@type\":\"ListItem\",\"position\":1,\"name\":\"Home\",\"item\":\"https:\/\/dronero.info\/news\/\"},{\"@type\":\"ListItem\",\"position\":2,\"name\":\"Quando le elezioni diventano&#8230; poesia\"}]},{\"@type\":\"WebSite\",\"@id\":\"https:\/\/dronero.info\/news\/#website\",\"url\":\"https:\/\/dronero.info\/news\/\",\"name\":\"Dronero.info\",\"description\":\"Notizie che meritano diffusione\",\"potentialAction\":[{\"@type\":\"SearchAction\",\"target\":{\"@type\":\"EntryPoint\",\"urlTemplate\":\"https:\/\/dronero.info\/news\/?s={search_term_string}\"},\"query-input\":{\"@type\":\"PropertyValueSpecification\",\"valueRequired\":true,\"valueName\":\"search_term_string\"}}],\"inLanguage\":\"it-IT\"},{\"@type\":\"Person\",\"@id\":\"https:\/\/dronero.info\/news\/#\/schema\/person\/1c3c7855ceeebd1edb28810e7e80a061\",\"name\":\"rubines\",\"image\":{\"@type\":\"ImageObject\",\"inLanguage\":\"it-IT\",\"@id\":\"https:\/\/dronero.info\/news\/#\/schema\/person\/image\/\",\"url\":\"https:\/\/secure.gravatar.com\/avatar\/c2f0e0d515a107624234994507816ca4724c7199cef73fc8bedebf6931d73888?s=96&d=mm&r=g\",\"contentUrl\":\"https:\/\/secure.gravatar.com\/avatar\/c2f0e0d515a107624234994507816ca4724c7199cef73fc8bedebf6931d73888?s=96&d=mm&r=g\",\"caption\":\"rubines\"},\"url\":\"https:\/\/dronero.info\/news\/author\/rubines\/\"}]}<\/script>\n<!-- \/ Yoast SEO plugin. -->","yoast_head_json":{"title":"Quando le elezioni diventano... poesia - Dronero.info","description":"A 45 anni di distanza, i pensieri urticanti della canzone \"Le elezioni\" di Giorgio Gaber sono pi\u00f9 che mai attuali.","robots":{"index":"index","follow":"follow","max-snippet":"max-snippet:-1","max-image-preview":"max-image-preview:large","max-video-preview":"max-video-preview:-1"},"canonical":"https:\/\/dronero.info\/news\/2022\/09\/25\/quando-elezioni-diventano-poesia\/","og_locale":"it_IT","og_type":"article","og_title":"Quando le elezioni diventano... poesia - Dronero.info","og_description":"A 45 anni di distanza, i pensieri urticanti della canzone \"Le elezioni\" di Giorgio Gaber sono pi\u00f9 che mai attuali.","og_url":"https:\/\/dronero.info\/news\/2022\/09\/25\/quando-elezioni-diventano-poesia\/","og_site_name":"Dronero.info","article_published_time":"2022-09-25T17:08:00+00:00","article_modified_time":"2024-02-26T11:06:46+00:00","og_image":[{"width":600,"height":400,"url":"https:\/\/dronero.info\/news\/images\/2022\/09\/giorgio-gaber-le-elezioni.jpg","type":"image\/jpeg"}],"author":"rubines","twitter_card":"summary_large_image","twitter_misc":{"Scritto da":"rubines","Tempo di lettura stimato":"1 minuto"},"schema":{"@context":"https:\/\/schema.org","@graph":[{"@type":"Article","@id":"https:\/\/dronero.info\/news\/2022\/09\/25\/quando-elezioni-diventano-poesia\/#article","isPartOf":{"@id":"https:\/\/dronero.info\/news\/2022\/09\/25\/quando-elezioni-diventano-poesia\/"},"author":{"name":"rubines","@id":"https:\/\/dronero.info\/news\/#\/schema\/person\/1c3c7855ceeebd1edb28810e7e80a061"},"headline":"Quando le elezioni diventano&#8230; poesia","datePublished":"2022-09-25T17:08:00+00:00","dateModified":"2024-02-26T11:06:46+00:00","mainEntityOfPage":{"@id":"https:\/\/dronero.info\/news\/2022\/09\/25\/quando-elezioni-diventano-poesia\/"},"wordCount":253,"image":{"@id":"https:\/\/dronero.info\/news\/2022\/09\/25\/quando-elezioni-diventano-poesia\/#primaryimage"},"thumbnailUrl":"https:\/\/dronero.info\/news\/images\/2022\/09\/giorgio-gaber-le-elezioni.jpg","keywords":["personaggi"],"articleSection":["Italia","Societ\u00e0"],"inLanguage":"it-IT"},{"@type":"WebPage","@id":"https:\/\/dronero.info\/news\/2022\/09\/25\/quando-elezioni-diventano-poesia\/","url":"https:\/\/dronero.info\/news\/2022\/09\/25\/quando-elezioni-diventano-poesia\/","name":"Quando le elezioni diventano... poesia - Dronero.info","isPartOf":{"@id":"https:\/\/dronero.info\/news\/#website"},"primaryImageOfPage":{"@id":"https:\/\/dronero.info\/news\/2022\/09\/25\/quando-elezioni-diventano-poesia\/#primaryimage"},"image":{"@id":"https:\/\/dronero.info\/news\/2022\/09\/25\/quando-elezioni-diventano-poesia\/#primaryimage"},"thumbnailUrl":"https:\/\/dronero.info\/news\/images\/2022\/09\/giorgio-gaber-le-elezioni.jpg","datePublished":"2022-09-25T17:08:00+00:00","dateModified":"2024-02-26T11:06:46+00:00","author":{"@id":"https:\/\/dronero.info\/news\/#\/schema\/person\/1c3c7855ceeebd1edb28810e7e80a061"},"description":"A 45 anni di distanza, i pensieri urticanti della canzone \"Le elezioni\" di Giorgio Gaber sono pi\u00f9 che mai attuali.","breadcrumb":{"@id":"https:\/\/dronero.info\/news\/2022\/09\/25\/quando-elezioni-diventano-poesia\/#breadcrumb"},"inLanguage":"it-IT","potentialAction":[{"@type":"ReadAction","target":["https:\/\/dronero.info\/news\/2022\/09\/25\/quando-elezioni-diventano-poesia\/"]}]},{"@type":"ImageObject","inLanguage":"it-IT","@id":"https:\/\/dronero.info\/news\/2022\/09\/25\/quando-elezioni-diventano-poesia\/#primaryimage","url":"https:\/\/dronero.info\/news\/images\/2022\/09\/giorgio-gaber-le-elezioni.jpg","contentUrl":"https:\/\/dronero.info\/news\/images\/2022\/09\/giorgio-gaber-le-elezioni.jpg","width":600,"height":400,"caption":"Giorgio Gaber - Le elezioni"},{"@type":"BreadcrumbList","@id":"https:\/\/dronero.info\/news\/2022\/09\/25\/quando-elezioni-diventano-poesia\/#breadcrumb","itemListElement":[{"@type":"ListItem","position":1,"name":"Home","item":"https:\/\/dronero.info\/news\/"},{"@type":"ListItem","position":2,"name":"Quando le elezioni diventano&#8230; poesia"}]},{"@type":"WebSite","@id":"https:\/\/dronero.info\/news\/#website","url":"https:\/\/dronero.info\/news\/","name":"Dronero.info","description":"Notizie che meritano diffusione","potentialAction":[{"@type":"SearchAction","target":{"@type":"EntryPoint","urlTemplate":"https:\/\/dronero.info\/news\/?s={search_term_string}"},"query-input":{"@type":"PropertyValueSpecification","valueRequired":true,"valueName":"search_term_string"}}],"inLanguage":"it-IT"},{"@type":"Person","@id":"https:\/\/dronero.info\/news\/#\/schema\/person\/1c3c7855ceeebd1edb28810e7e80a061","name":"rubines","image":{"@type":"ImageObject","inLanguage":"it-IT","@id":"https:\/\/dronero.info\/news\/#\/schema\/person\/image\/","url":"https:\/\/secure.gravatar.com\/avatar\/c2f0e0d515a107624234994507816ca4724c7199cef73fc8bedebf6931d73888?s=96&d=mm&r=g","contentUrl":"https:\/\/secure.gravatar.com\/avatar\/c2f0e0d515a107624234994507816ca4724c7199cef73fc8bedebf6931d73888?s=96&d=mm&r=g","caption":"rubines"},"url":"https:\/\/dronero.info\/news\/author\/rubines\/"}]}},"views":1040,"_links":{"self":[{"href":"https:\/\/dronero.info\/news\/wp-json\/wp\/v2\/posts\/294","targetHints":{"allow":["GET"]}}],"collection":[{"href":"https:\/\/dronero.info\/news\/wp-json\/wp\/v2\/posts"}],"about":[{"href":"https:\/\/dronero.info\/news\/wp-json\/wp\/v2\/types\/post"}],"author":[{"embeddable":true,"href":"https:\/\/dronero.info\/news\/wp-json\/wp\/v2\/users\/1"}],"replies":[{"embeddable":true,"href":"https:\/\/dronero.info\/news\/wp-json\/wp\/v2\/comments?post=294"}],"version-history":[{"count":0,"href":"https:\/\/dronero.info\/news\/wp-json\/wp\/v2\/posts\/294\/revisions"}],"wp:featuredmedia":[{"embeddable":true,"href":"https:\/\/dronero.info\/news\/wp-json\/wp\/v2\/media\/295"}],"wp:attachment":[{"href":"https:\/\/dronero.info\/news\/wp-json\/wp\/v2\/media?parent=294"}],"wp:term":[{"taxonomy":"category","embeddable":true,"href":"https:\/\/dronero.info\/news\/wp-json\/wp\/v2\/categories?post=294"},{"taxonomy":"post_tag","embeddable":true,"href":"https:\/\/dronero.info\/news\/wp-json\/wp\/v2\/tags?post=294"}],"curies":[{"name":"wp","href":"https:\/\/api.w.org\/{rel}","templated":true}]}}