{"id":287,"date":"2022-09-15T00:55:07","date_gmt":"2022-09-14T22:55:07","guid":{"rendered":"https:\/\/dronero.info\/news\/?p=287"},"modified":"2022-09-15T00:56:01","modified_gmt":"2022-09-14T22:56:01","slug":"alzheimer-un-film-per-saperne-di-piu","status":"publish","type":"post","link":"https:\/\/dronero.info\/news\/2022\/09\/15\/alzheimer-un-film-per-saperne-di-piu\/","title":{"rendered":"Alzheimer, un film per saperne di pi\u00f9"},"content":{"rendered":"\n<p>In occasione della Giornata Mondiale dell&#8217;Alzheimer, il Caff\u00e8 Alzheimer di Dronero ha programmato per mercoled\u00ec 21 alle 20.30 la proiezione del film &#8220;The Father&#8221;, presso il cinema teatro Iris. <\/p>\n\n\n<div class=\"wp-block-image\">\n<figure class=\"alignleft size-large is-resized\"><img loading=\"lazy\" decoding=\"async\" src=\"https:\/\/dronero.info\/news\/images\/2022\/09\/dronero-caffe-alzheimer-locandina-21-settembre.jpg\" alt=\"\" width=\"475\" height=\"672\"\/><\/figure>\n<\/div>\n\n\n<p>In tale occasione l&#8217;associazione presenter\u00e0 le attivit\u00e0 del Caff\u00e8 Alzheimer per il 2022\/2023 e interverranno brevemente gli specialisti collaboratori sul tema delle demenze e dell&#8217;assistenza al proprio caro. <\/p>\n\n\n\n<p>Il film rappresenta l&#8217;occasione non solo di entrare nella prospettiva della persona con Alzheimer, parte splendidamente interpretata da Antony Hopkins, ma anche di cogliere il vissuto di angoscia e di disorientamento della figlia che si occupa della sua cura.<\/p>\n\n\n\n<p>L&#8217;ingresso \u00e8 libero. Durante la serata saranno raccolte offerte per sostenere le attivit\u00e0 dell&#8217;associazione.<\/p>\n\n\n\n<p><small>Fonte: Circolo Acli Caff\u00e8 Alzheimer Dronero \u2013 SalaStampa.Eu<\/small><\/p>\n","protected":false},"excerpt":{"rendered":"<p>In occasione della Giornata Mondiale dell&#8217;Alzheimer, il Caff\u00e8 Alzheimer di Dronero ha programmato per mercoled\u00ec<\/p>\n","protected":false},"author":1,"featured_media":288,"comment_status":"closed","ping_status":"closed","sticky":false,"template":"","format":"standard","meta":{"footnotes":"","_links_to":"","_links_to_target":""},"categories":[3,23],"tags":[35],"class_list":["post-287","post","type-post","status-publish","format-standard","has-post-thumbnail","hentry","category-dronero","category-societa","tag-salute"],"yoast_head":"<!-- This site is optimized with the Yoast SEO plugin v27.1.1 - https:\/\/yoast.com\/product\/yoast-seo-wordpress\/ -->\n<title>Alzheimer, un film per saperne di pi\u00f9 - Dronero.info<\/title>\n<meta name=\"robots\" content=\"index, follow, max-snippet:-1, max-image-preview:large, max-video-preview:-1\" \/>\n<link rel=\"canonical\" href=\"https:\/\/dronero.info\/news\/2022\/09\/15\/alzheimer-un-film-per-saperne-di-piu\/\" \/>\n<meta property=\"og:locale\" content=\"it_IT\" \/>\n<meta property=\"og:type\" content=\"article\" \/>\n<meta property=\"og:title\" content=\"Alzheimer, un film per saperne di pi\u00f9 - Dronero.info\" \/>\n<meta property=\"og:description\" content=\"In occasione della Giornata Mondiale dell&#8217;Alzheimer, il Caff\u00e8 Alzheimer di Dronero ha programmato per mercoled\u00ec\" \/>\n<meta property=\"og:url\" content=\"https:\/\/dronero.info\/news\/2022\/09\/15\/alzheimer-un-film-per-saperne-di-piu\/\" \/>\n<meta property=\"og:site_name\" content=\"Dronero.info\" \/>\n<meta property=\"article:published_time\" content=\"2022-09-14T22:55:07+00:00\" \/>\n<meta property=\"article:modified_time\" content=\"2022-09-14T22:56:01+00:00\" \/>\n<meta property=\"og:image\" content=\"https:\/\/dronero.info\/news\/images\/2022\/09\/dronero-caffe-alzheimer-locandina-the-father.jpg\" \/>\n\t<meta property=\"og:image:width\" content=\"566\" \/>\n\t<meta property=\"og:image:height\" content=\"377\" \/>\n\t<meta property=\"og:image:type\" content=\"image\/jpeg\" \/>\n<meta name=\"author\" content=\"rubines\" \/>\n<meta name=\"twitter:card\" content=\"summary_large_image\" \/>\n<meta name=\"twitter:label1\" content=\"Scritto da\" \/>\n\t<meta name=\"twitter:data1\" content=\"rubines\" \/>\n\t<meta name=\"twitter:label2\" content=\"Tempo di lettura stimato\" \/>\n\t<meta name=\"twitter:data2\" content=\"1 minuto\" \/>\n<script type=\"application\/ld+json\" class=\"yoast-schema-graph\">{\"@context\":\"https:\/\/schema.org\",\"@graph\":[{\"@type\":\"Article\",\"@id\":\"https:\/\/dronero.info\/news\/2022\/09\/15\/alzheimer-un-film-per-saperne-di-piu\/#article\",\"isPartOf\":{\"@id\":\"https:\/\/dronero.info\/news\/2022\/09\/15\/alzheimer-un-film-per-saperne-di-piu\/\"},\"author\":{\"name\":\"rubines\",\"@id\":\"https:\/\/dronero.info\/news\/#\/schema\/person\/1c3c7855ceeebd1edb28810e7e80a061\"},\"headline\":\"Alzheimer, un film per saperne di pi\u00f9\",\"datePublished\":\"2022-09-14T22:55:07+00:00\",\"dateModified\":\"2022-09-14T22:56:01+00:00\",\"mainEntityOfPage\":{\"@id\":\"https:\/\/dronero.info\/news\/2022\/09\/15\/alzheimer-un-film-per-saperne-di-piu\/\"},\"wordCount\":127,\"image\":{\"@id\":\"https:\/\/dronero.info\/news\/2022\/09\/15\/alzheimer-un-film-per-saperne-di-piu\/#primaryimage\"},\"thumbnailUrl\":\"https:\/\/dronero.info\/news\/images\/2022\/09\/dronero-caffe-alzheimer-locandina-the-father.jpg\",\"keywords\":[\"salute\"],\"articleSection\":[\"Dronero\",\"Societ\u00e0\"],\"inLanguage\":\"it-IT\"},{\"@type\":\"WebPage\",\"@id\":\"https:\/\/dronero.info\/news\/2022\/09\/15\/alzheimer-un-film-per-saperne-di-piu\/\",\"url\":\"https:\/\/dronero.info\/news\/2022\/09\/15\/alzheimer-un-film-per-saperne-di-piu\/\",\"name\":\"Alzheimer, un film per saperne di pi\u00f9 - Dronero.info\",\"isPartOf\":{\"@id\":\"https:\/\/dronero.info\/news\/#website\"},\"primaryImageOfPage\":{\"@id\":\"https:\/\/dronero.info\/news\/2022\/09\/15\/alzheimer-un-film-per-saperne-di-piu\/#primaryimage\"},\"image\":{\"@id\":\"https:\/\/dronero.info\/news\/2022\/09\/15\/alzheimer-un-film-per-saperne-di-piu\/#primaryimage\"},\"thumbnailUrl\":\"https:\/\/dronero.info\/news\/images\/2022\/09\/dronero-caffe-alzheimer-locandina-the-father.jpg\",\"datePublished\":\"2022-09-14T22:55:07+00:00\",\"dateModified\":\"2022-09-14T22:56:01+00:00\",\"author\":{\"@id\":\"https:\/\/dronero.info\/news\/#\/schema\/person\/1c3c7855ceeebd1edb28810e7e80a061\"},\"breadcrumb\":{\"@id\":\"https:\/\/dronero.info\/news\/2022\/09\/15\/alzheimer-un-film-per-saperne-di-piu\/#breadcrumb\"},\"inLanguage\":\"it-IT\",\"potentialAction\":[{\"@type\":\"ReadAction\",\"target\":[\"https:\/\/dronero.info\/news\/2022\/09\/15\/alzheimer-un-film-per-saperne-di-piu\/\"]}]},{\"@type\":\"ImageObject\",\"inLanguage\":\"it-IT\",\"@id\":\"https:\/\/dronero.info\/news\/2022\/09\/15\/alzheimer-un-film-per-saperne-di-piu\/#primaryimage\",\"url\":\"https:\/\/dronero.info\/news\/images\/2022\/09\/dronero-caffe-alzheimer-locandina-the-father.jpg\",\"contentUrl\":\"https:\/\/dronero.info\/news\/images\/2022\/09\/dronero-caffe-alzheimer-locandina-the-father.jpg\",\"width\":566,\"height\":377,\"caption\":\"Caff\u00e8 Alzheeimer Dronero - Proiezione film\"},{\"@type\":\"BreadcrumbList\",\"@id\":\"https:\/\/dronero.info\/news\/2022\/09\/15\/alzheimer-un-film-per-saperne-di-piu\/#breadcrumb\",\"itemListElement\":[{\"@type\":\"ListItem\",\"position\":1,\"name\":\"Home\",\"item\":\"https:\/\/dronero.info\/news\/\"},{\"@type\":\"ListItem\",\"position\":2,\"name\":\"Alzheimer, un film per saperne di pi\u00f9\"}]},{\"@type\":\"WebSite\",\"@id\":\"https:\/\/dronero.info\/news\/#website\",\"url\":\"https:\/\/dronero.info\/news\/\",\"name\":\"Dronero.info\",\"description\":\"Notizie che meritano diffusione\",\"potentialAction\":[{\"@type\":\"SearchAction\",\"target\":{\"@type\":\"EntryPoint\",\"urlTemplate\":\"https:\/\/dronero.info\/news\/?s={search_term_string}\"},\"query-input\":{\"@type\":\"PropertyValueSpecification\",\"valueRequired\":true,\"valueName\":\"search_term_string\"}}],\"inLanguage\":\"it-IT\"},{\"@type\":\"Person\",\"@id\":\"https:\/\/dronero.info\/news\/#\/schema\/person\/1c3c7855ceeebd1edb28810e7e80a061\",\"name\":\"rubines\",\"image\":{\"@type\":\"ImageObject\",\"inLanguage\":\"it-IT\",\"@id\":\"https:\/\/dronero.info\/news\/#\/schema\/person\/image\/\",\"url\":\"https:\/\/secure.gravatar.com\/avatar\/c2f0e0d515a107624234994507816ca4724c7199cef73fc8bedebf6931d73888?s=96&d=mm&r=g\",\"contentUrl\":\"https:\/\/secure.gravatar.com\/avatar\/c2f0e0d515a107624234994507816ca4724c7199cef73fc8bedebf6931d73888?s=96&d=mm&r=g\",\"caption\":\"rubines\"},\"url\":\"https:\/\/dronero.info\/news\/author\/rubines\/\"}]}<\/script>\n<!-- \/ Yoast SEO plugin. -->","yoast_head_json":{"title":"Alzheimer, un film per saperne di pi\u00f9 - Dronero.info","robots":{"index":"index","follow":"follow","max-snippet":"max-snippet:-1","max-image-preview":"max-image-preview:large","max-video-preview":"max-video-preview:-1"},"canonical":"https:\/\/dronero.info\/news\/2022\/09\/15\/alzheimer-un-film-per-saperne-di-piu\/","og_locale":"it_IT","og_type":"article","og_title":"Alzheimer, un film per saperne di pi\u00f9 - Dronero.info","og_description":"In occasione della Giornata Mondiale dell&#8217;Alzheimer, il Caff\u00e8 Alzheimer di Dronero ha programmato per mercoled\u00ec","og_url":"https:\/\/dronero.info\/news\/2022\/09\/15\/alzheimer-un-film-per-saperne-di-piu\/","og_site_name":"Dronero.info","article_published_time":"2022-09-14T22:55:07+00:00","article_modified_time":"2022-09-14T22:56:01+00:00","og_image":[{"width":566,"height":377,"url":"https:\/\/dronero.info\/news\/images\/2022\/09\/dronero-caffe-alzheimer-locandina-the-father.jpg","type":"image\/jpeg"}],"author":"rubines","twitter_card":"summary_large_image","twitter_misc":{"Scritto da":"rubines","Tempo di lettura stimato":"1 minuto"},"schema":{"@context":"https:\/\/schema.org","@graph":[{"@type":"Article","@id":"https:\/\/dronero.info\/news\/2022\/09\/15\/alzheimer-un-film-per-saperne-di-piu\/#article","isPartOf":{"@id":"https:\/\/dronero.info\/news\/2022\/09\/15\/alzheimer-un-film-per-saperne-di-piu\/"},"author":{"name":"rubines","@id":"https:\/\/dronero.info\/news\/#\/schema\/person\/1c3c7855ceeebd1edb28810e7e80a061"},"headline":"Alzheimer, un film per saperne di pi\u00f9","datePublished":"2022-09-14T22:55:07+00:00","dateModified":"2022-09-14T22:56:01+00:00","mainEntityOfPage":{"@id":"https:\/\/dronero.info\/news\/2022\/09\/15\/alzheimer-un-film-per-saperne-di-piu\/"},"wordCount":127,"image":{"@id":"https:\/\/dronero.info\/news\/2022\/09\/15\/alzheimer-un-film-per-saperne-di-piu\/#primaryimage"},"thumbnailUrl":"https:\/\/dronero.info\/news\/images\/2022\/09\/dronero-caffe-alzheimer-locandina-the-father.jpg","keywords":["salute"],"articleSection":["Dronero","Societ\u00e0"],"inLanguage":"it-IT"},{"@type":"WebPage","@id":"https:\/\/dronero.info\/news\/2022\/09\/15\/alzheimer-un-film-per-saperne-di-piu\/","url":"https:\/\/dronero.info\/news\/2022\/09\/15\/alzheimer-un-film-per-saperne-di-piu\/","name":"Alzheimer, un film per saperne di pi\u00f9 - Dronero.info","isPartOf":{"@id":"https:\/\/dronero.info\/news\/#website"},"primaryImageOfPage":{"@id":"https:\/\/dronero.info\/news\/2022\/09\/15\/alzheimer-un-film-per-saperne-di-piu\/#primaryimage"},"image":{"@id":"https:\/\/dronero.info\/news\/2022\/09\/15\/alzheimer-un-film-per-saperne-di-piu\/#primaryimage"},"thumbnailUrl":"https:\/\/dronero.info\/news\/images\/2022\/09\/dronero-caffe-alzheimer-locandina-the-father.jpg","datePublished":"2022-09-14T22:55:07+00:00","dateModified":"2022-09-14T22:56:01+00:00","author":{"@id":"https:\/\/dronero.info\/news\/#\/schema\/person\/1c3c7855ceeebd1edb28810e7e80a061"},"breadcrumb":{"@id":"https:\/\/dronero.info\/news\/2022\/09\/15\/alzheimer-un-film-per-saperne-di-piu\/#breadcrumb"},"inLanguage":"it-IT","potentialAction":[{"@type":"ReadAction","target":["https:\/\/dronero.info\/news\/2022\/09\/15\/alzheimer-un-film-per-saperne-di-piu\/"]}]},{"@type":"ImageObject","inLanguage":"it-IT","@id":"https:\/\/dronero.info\/news\/2022\/09\/15\/alzheimer-un-film-per-saperne-di-piu\/#primaryimage","url":"https:\/\/dronero.info\/news\/images\/2022\/09\/dronero-caffe-alzheimer-locandina-the-father.jpg","contentUrl":"https:\/\/dronero.info\/news\/images\/2022\/09\/dronero-caffe-alzheimer-locandina-the-father.jpg","width":566,"height":377,"caption":"Caff\u00e8 Alzheeimer Dronero - Proiezione film"},{"@type":"BreadcrumbList","@id":"https:\/\/dronero.info\/news\/2022\/09\/15\/alzheimer-un-film-per-saperne-di-piu\/#breadcrumb","itemListElement":[{"@type":"ListItem","position":1,"name":"Home","item":"https:\/\/dronero.info\/news\/"},{"@type":"ListItem","position":2,"name":"Alzheimer, un film per saperne di pi\u00f9"}]},{"@type":"WebSite","@id":"https:\/\/dronero.info\/news\/#website","url":"https:\/\/dronero.info\/news\/","name":"Dronero.info","description":"Notizie che meritano diffusione","potentialAction":[{"@type":"SearchAction","target":{"@type":"EntryPoint","urlTemplate":"https:\/\/dronero.info\/news\/?s={search_term_string}"},"query-input":{"@type":"PropertyValueSpecification","valueRequired":true,"valueName":"search_term_string"}}],"inLanguage":"it-IT"},{"@type":"Person","@id":"https:\/\/dronero.info\/news\/#\/schema\/person\/1c3c7855ceeebd1edb28810e7e80a061","name":"rubines","image":{"@type":"ImageObject","inLanguage":"it-IT","@id":"https:\/\/dronero.info\/news\/#\/schema\/person\/image\/","url":"https:\/\/secure.gravatar.com\/avatar\/c2f0e0d515a107624234994507816ca4724c7199cef73fc8bedebf6931d73888?s=96&d=mm&r=g","contentUrl":"https:\/\/secure.gravatar.com\/avatar\/c2f0e0d515a107624234994507816ca4724c7199cef73fc8bedebf6931d73888?s=96&d=mm&r=g","caption":"rubines"},"url":"https:\/\/dronero.info\/news\/author\/rubines\/"}]}},"views":1036,"_links":{"self":[{"href":"https:\/\/dronero.info\/news\/wp-json\/wp\/v2\/posts\/287","targetHints":{"allow":["GET"]}}],"collection":[{"href":"https:\/\/dronero.info\/news\/wp-json\/wp\/v2\/posts"}],"about":[{"href":"https:\/\/dronero.info\/news\/wp-json\/wp\/v2\/types\/post"}],"author":[{"embeddable":true,"href":"https:\/\/dronero.info\/news\/wp-json\/wp\/v2\/users\/1"}],"replies":[{"embeddable":true,"href":"https:\/\/dronero.info\/news\/wp-json\/wp\/v2\/comments?post=287"}],"version-history":[{"count":0,"href":"https:\/\/dronero.info\/news\/wp-json\/wp\/v2\/posts\/287\/revisions"}],"wp:featuredmedia":[{"embeddable":true,"href":"https:\/\/dronero.info\/news\/wp-json\/wp\/v2\/media\/288"}],"wp:attachment":[{"href":"https:\/\/dronero.info\/news\/wp-json\/wp\/v2\/media?parent=287"}],"wp:term":[{"taxonomy":"category","embeddable":true,"href":"https:\/\/dronero.info\/news\/wp-json\/wp\/v2\/categories?post=287"},{"taxonomy":"post_tag","embeddable":true,"href":"https:\/\/dronero.info\/news\/wp-json\/wp\/v2\/tags?post=287"}],"curies":[{"name":"wp","href":"https:\/\/api.w.org\/{rel}","templated":true}]}}