{"id":263,"date":"2021-12-17T14:45:15","date_gmt":"2021-12-17T13:45:15","guid":{"rendered":"https:\/\/dronero.info\/news\/?p=263"},"modified":"2021-12-17T15:16:48","modified_gmt":"2021-12-17T14:16:48","slug":"tombolata-dronero-amica-demenza","status":"publish","type":"post","link":"https:\/\/dronero.info\/news\/2021\/12\/17\/tombolata-dronero-amica-demenza\/","title":{"rendered":"Tombolata natalizia per una Dronero pi\u00f9 informata"},"content":{"rendered":"\n<p>Finalmente, ormai da qualche anno si \u00e8 cominciato a parlare delle forme distorte di socialit\u00e0. Per esempio, sono state messe in atto strategie per affrontare il problema del bullismo che, in un certo senso, consiste nel prendere di mira il malcapitato e sottoporlo ad attenzioni morbose, tanto da fargli desiderare di scomparire per poter finalmente essere lasciato in pace.<\/p>\n\n\n\n<p>All&#8217;opposto, ci sono situazioni in cui un individuo, e persino i suoi familiari, vengono etichettati come &#8220;diversi&#8221; dalla societ\u00e0, snobbati e lasciati in disparte. Succede per esempio che persino parenti e amici escludano da attivit\u00e0 e iniziative chi \u00e8 affetto da demenza. E lo stesso succede ai conviventi che si occupano con paziente dedizione alla sua assistenza, a meno che\u2026 a meno che abitino a Dronero oppure in una delle altre 34 volenterose citt\u00e0 d&#8217;Italia che sono state riconosciute &#8220;<a href=\"https:\/\/www.dementiafriendly.it\/mappa-comunita\/\" target=\"_blank\" rel=\"noreferrer noopener\">Amica delle Persone con Demenza<\/a>&#8220;.<\/p>\n\n\n\n<figure class=\"wp-block-image size-large\"><img decoding=\"async\" src=\"https:\/\/dronero.info\/news\/images\/2021\/12\/dronero-caffe-alzheimer.jpg\" alt=\"Locale Caff\u00e8 Alzheimer di Dronero, Citt\u00e0 amica delle persone con demenza\"\/><\/figure>\n\n\n\n<p>Questo merito, acquisito dalla cittadina all&#8217;imbocco della bella Valle Maira proprio nel 2021, non pu\u00f2 e non deve essere considerato un traguardo ma piuttosto un impegno, per il quale comune, associazioni, psicologi e tanti operosi e numerosi volontari stanno gi\u00e0 da anni lavorando (in effetti, la scritta in inglese dice: Al lavoro per diventare amica della demenza). Dal 2005 infatti a Dronero esiste il &#8220;<a href=\"https:\/\/dronero.info\/news\/2020\/09\/09\/dronero-diventa-comunita-amica-persone-con-demenza\/\" target=\"_blank\" rel=\"noreferrer noopener\">Caff\u00e8 Alzheimer<\/a>&#8220;, punto di ritrovo settimanale in cui pazienti e familiari sono affiancati e sostenuti anche da psicologi durante attivit\u00e0 separate e specifiche per ognuno dei due gruppi. <\/p>\n\n\n\n<p>Parallelamente, \u00e8 nata la &#8220;Scuola Over65&#8221;, che durante la pandemia ha fatto anch&#8217;essa ricorso a mezzi telematici come il telefono affinch\u00e9 gli alunni, alcuni quasi novantenni, potessero continuare a fare una volta alla settimana esercizi mentali guidati dalla maestra-psicologa.<\/p>\n\n\n\n<p>Quest&#8217;anno inoltre, sono iniziati progetti di sensibilizzazione anche nelle scuole medie e a breve partiranno anche in quelle elementari, per coinvolgere i pi\u00f9 giovani: loro solitamente sono meno limitati dai pregiudizi che invece inducono gli adulti a emarginare chi ha problemi cognitivi.<\/p>\n\n\n\n<p>Importante sar\u00e0 anche la disponibilit\u00e0 dei commercianti di zona a seguire brevi corsi di formazione, per sapere come riconoscere e aiutare chi \u00e8 affetto da questo tipo di patologie.<\/p>\n\n\n\n<p>Ma per fare decisivi passi avanti per il loro benessere sarebbe importante che pi\u00f9 persone fossero sensibili al problema e volessero saperne di pi\u00f9, prendendo coscienza del fatto che la demenza pu\u00f2 colpire chiunque e non soltanto in et\u00e0 molto avanzata, ma che si pu\u00f2 fare qualcosa per prevenirla e rallentarla.<\/p>\n\n\n\n<p>A questo scopo il giorno <strong>22 dicembre<\/strong> tutta la popolazione \u00e8 invitata (\u00e8 necessario comunicare la propria adesione al cell. 338 4053071) a una <a href=\"https:\/\/dronero.info\/news\/images\/2021\/12\/tombolata-natale-2021-caffe-alzheimer.png\" target=\"_blank\" rel=\"noreferrer noopener\"><strong>Tombolata natalizia<\/strong><\/a>, durante la quale si parler\u00e0 anche dell&#8217;argomento. <\/p>\n\n\n\n<p>Partecipate numerosi, per migliorare la vita di tutti!<\/p>\n\n\n\n<p><small>Fonte: Circolo Acli Caff\u00e8 Alzheimer Dronero &#8211; SalaStampa.Eu<br>\nArticolo: Ines Beltramo. All Rights Reserved.<br>\n<\/small><\/p>\n<p><div style=\"border: 2px dotted #CCC; padding:5px; margin:0; text-align:center;\"><i><small>Questo articolo \u00e8 stato offerto da:<\/small><\/i><br>\n<h4><a href=\"http:\/\/cavallobianco.tel\" target=\"_blank\" rel=\"noopener noreferrer\">Cavallo Bianco<\/a><\/h4>\nRistorante Pizzeria Albergo in Dronero (Cuneo)<br>\n<\/div><\/p>\n","protected":false},"excerpt":{"rendered":"<p>Finalmente, ormai da qualche anno si \u00e8 cominciato a parlare delle forme distorte di socialit\u00e0.<\/p>\n","protected":false},"author":1,"featured_media":264,"comment_status":"closed","ping_status":"closed","sticky":false,"template":"","format":"standard","meta":{"footnotes":"","_links_to":"","_links_to_target":""},"categories":[3,23],"tags":[9,35],"class_list":["post-263","post","type-post","status-publish","format-standard","has-post-thumbnail","hentry","category-dronero","category-societa","tag-eventi","tag-salute"],"yoast_head":"<!-- This site is optimized with the Yoast SEO plugin v27.1.1 - https:\/\/yoast.com\/product\/yoast-seo-wordpress\/ -->\n<title>Tombolata natalizia per una Dronero pi\u00f9 informata - Dronero.info<\/title>\n<meta name=\"description\" content=\"Dronero \u00e8 una delle 35 citt\u00e0 italiane &quot;Amica delle Persone con Demenza&quot;, grazie alle molte attivit\u00e0 in corso rese possibili anche dal supporto dei volontari\" \/>\n<meta name=\"robots\" content=\"index, nofollow, max-snippet:-1, max-image-preview:large, max-video-preview:-1\" \/>\n<link rel=\"canonical\" href=\"https:\/\/dronero.info\/news\/2021\/12\/17\/tombolata-dronero-amica-demenza\/\" \/>\n<meta property=\"og:locale\" content=\"it_IT\" \/>\n<meta property=\"og:type\" content=\"article\" \/>\n<meta property=\"og:title\" content=\"Tombolata natalizia per una Dronero pi\u00f9 informata - Dronero.info\" \/>\n<meta property=\"og:description\" content=\"Dronero \u00e8 una delle 35 citt\u00e0 italiane &quot;Amica delle Persone con Demenza&quot;, grazie alle molte attivit\u00e0 in corso rese possibili anche dal supporto dei volontari\" \/>\n<meta property=\"og:url\" content=\"https:\/\/dronero.info\/news\/2021\/12\/17\/tombolata-dronero-amica-demenza\/\" \/>\n<meta property=\"og:site_name\" content=\"Dronero.info\" \/>\n<meta property=\"article:published_time\" content=\"2021-12-17T13:45:15+00:00\" \/>\n<meta property=\"article:modified_time\" content=\"2021-12-17T14:16:48+00:00\" \/>\n<meta property=\"og:image\" content=\"https:\/\/dronero.info\/news\/images\/2021\/12\/dronero-2021-citta-dementia-friendly.jpg\" \/>\n\t<meta property=\"og:image:width\" content=\"702\" \/>\n\t<meta property=\"og:image:height\" content=\"405\" \/>\n\t<meta property=\"og:image:type\" content=\"image\/jpeg\" \/>\n<meta name=\"author\" content=\"rubines\" \/>\n<meta name=\"twitter:card\" content=\"summary_large_image\" \/>\n<meta name=\"twitter:label1\" content=\"Scritto da\" \/>\n\t<meta name=\"twitter:data1\" content=\"rubines\" \/>\n\t<meta name=\"twitter:label2\" content=\"Tempo di lettura stimato\" \/>\n\t<meta name=\"twitter:data2\" content=\"3 minuti\" \/>\n<script type=\"application\/ld+json\" class=\"yoast-schema-graph\">{\"@context\":\"https:\/\/schema.org\",\"@graph\":[{\"@type\":\"Article\",\"@id\":\"https:\/\/dronero.info\/news\/2021\/12\/17\/tombolata-dronero-amica-demenza\/#article\",\"isPartOf\":{\"@id\":\"https:\/\/dronero.info\/news\/2021\/12\/17\/tombolata-dronero-amica-demenza\/\"},\"author\":{\"name\":\"rubines\",\"@id\":\"https:\/\/dronero.info\/news\/#\/schema\/person\/1c3c7855ceeebd1edb28810e7e80a061\"},\"headline\":\"Tombolata natalizia per una Dronero pi\u00f9 informata\",\"datePublished\":\"2021-12-17T13:45:15+00:00\",\"dateModified\":\"2021-12-17T14:16:48+00:00\",\"mainEntityOfPage\":{\"@id\":\"https:\/\/dronero.info\/news\/2021\/12\/17\/tombolata-dronero-amica-demenza\/\"},\"wordCount\":466,\"image\":{\"@id\":\"https:\/\/dronero.info\/news\/2021\/12\/17\/tombolata-dronero-amica-demenza\/#primaryimage\"},\"thumbnailUrl\":\"https:\/\/dronero.info\/news\/images\/2021\/12\/dronero-2021-citta-dementia-friendly.jpg\",\"keywords\":[\"eventi\",\"salute\"],\"articleSection\":[\"Dronero\",\"Societ\u00e0\"],\"inLanguage\":\"it-IT\"},{\"@type\":\"WebPage\",\"@id\":\"https:\/\/dronero.info\/news\/2021\/12\/17\/tombolata-dronero-amica-demenza\/\",\"url\":\"https:\/\/dronero.info\/news\/2021\/12\/17\/tombolata-dronero-amica-demenza\/\",\"name\":\"Tombolata natalizia per una Dronero pi\u00f9 informata - Dronero.info\",\"isPartOf\":{\"@id\":\"https:\/\/dronero.info\/news\/#website\"},\"primaryImageOfPage\":{\"@id\":\"https:\/\/dronero.info\/news\/2021\/12\/17\/tombolata-dronero-amica-demenza\/#primaryimage\"},\"image\":{\"@id\":\"https:\/\/dronero.info\/news\/2021\/12\/17\/tombolata-dronero-amica-demenza\/#primaryimage\"},\"thumbnailUrl\":\"https:\/\/dronero.info\/news\/images\/2021\/12\/dronero-2021-citta-dementia-friendly.jpg\",\"datePublished\":\"2021-12-17T13:45:15+00:00\",\"dateModified\":\"2021-12-17T14:16:48+00:00\",\"author\":{\"@id\":\"https:\/\/dronero.info\/news\/#\/schema\/person\/1c3c7855ceeebd1edb28810e7e80a061\"},\"description\":\"Dronero \u00e8 una delle 35 citt\u00e0 italiane \\\"Amica delle Persone con Demenza\\\", grazie alle molte attivit\u00e0 in corso rese possibili anche dal supporto dei volontari\",\"breadcrumb\":{\"@id\":\"https:\/\/dronero.info\/news\/2021\/12\/17\/tombolata-dronero-amica-demenza\/#breadcrumb\"},\"inLanguage\":\"it-IT\",\"potentialAction\":[{\"@type\":\"ReadAction\",\"target\":[\"https:\/\/dronero.info\/news\/2021\/12\/17\/tombolata-dronero-amica-demenza\/\"]}]},{\"@type\":\"ImageObject\",\"inLanguage\":\"it-IT\",\"@id\":\"https:\/\/dronero.info\/news\/2021\/12\/17\/tombolata-dronero-amica-demenza\/#primaryimage\",\"url\":\"https:\/\/dronero.info\/news\/images\/2021\/12\/dronero-2021-citta-dementia-friendly.jpg\",\"contentUrl\":\"https:\/\/dronero.info\/news\/images\/2021\/12\/dronero-2021-citta-dementia-friendly.jpg\",\"width\":702,\"height\":405,\"caption\":\"Dronero 2021 - Dementia Friendly\"},{\"@type\":\"BreadcrumbList\",\"@id\":\"https:\/\/dronero.info\/news\/2021\/12\/17\/tombolata-dronero-amica-demenza\/#breadcrumb\",\"itemListElement\":[{\"@type\":\"ListItem\",\"position\":1,\"name\":\"Home\",\"item\":\"https:\/\/dronero.info\/news\/\"},{\"@type\":\"ListItem\",\"position\":2,\"name\":\"Tombolata natalizia per una Dronero pi\u00f9 informata\"}]},{\"@type\":\"WebSite\",\"@id\":\"https:\/\/dronero.info\/news\/#website\",\"url\":\"https:\/\/dronero.info\/news\/\",\"name\":\"Dronero.info\",\"description\":\"Notizie che meritano diffusione\",\"potentialAction\":[{\"@type\":\"SearchAction\",\"target\":{\"@type\":\"EntryPoint\",\"urlTemplate\":\"https:\/\/dronero.info\/news\/?s={search_term_string}\"},\"query-input\":{\"@type\":\"PropertyValueSpecification\",\"valueRequired\":true,\"valueName\":\"search_term_string\"}}],\"inLanguage\":\"it-IT\"},{\"@type\":\"Person\",\"@id\":\"https:\/\/dronero.info\/news\/#\/schema\/person\/1c3c7855ceeebd1edb28810e7e80a061\",\"name\":\"rubines\",\"image\":{\"@type\":\"ImageObject\",\"inLanguage\":\"it-IT\",\"@id\":\"https:\/\/dronero.info\/news\/#\/schema\/person\/image\/\",\"url\":\"https:\/\/secure.gravatar.com\/avatar\/c2f0e0d515a107624234994507816ca4724c7199cef73fc8bedebf6931d73888?s=96&d=mm&r=g\",\"contentUrl\":\"https:\/\/secure.gravatar.com\/avatar\/c2f0e0d515a107624234994507816ca4724c7199cef73fc8bedebf6931d73888?s=96&d=mm&r=g\",\"caption\":\"rubines\"},\"url\":\"https:\/\/dronero.info\/news\/author\/rubines\/\"}]}<\/script>\n<!-- \/ Yoast SEO plugin. -->","yoast_head_json":{"title":"Tombolata natalizia per una Dronero pi\u00f9 informata - Dronero.info","description":"Dronero \u00e8 una delle 35 citt\u00e0 italiane \"Amica delle Persone con Demenza\", grazie alle molte attivit\u00e0 in corso rese possibili anche dal supporto dei volontari","robots":{"index":"index","follow":"nofollow","max-snippet":"max-snippet:-1","max-image-preview":"max-image-preview:large","max-video-preview":"max-video-preview:-1"},"canonical":"https:\/\/dronero.info\/news\/2021\/12\/17\/tombolata-dronero-amica-demenza\/","og_locale":"it_IT","og_type":"article","og_title":"Tombolata natalizia per una Dronero pi\u00f9 informata - Dronero.info","og_description":"Dronero \u00e8 una delle 35 citt\u00e0 italiane \"Amica delle Persone con Demenza\", grazie alle molte attivit\u00e0 in corso rese possibili anche dal supporto dei volontari","og_url":"https:\/\/dronero.info\/news\/2021\/12\/17\/tombolata-dronero-amica-demenza\/","og_site_name":"Dronero.info","article_published_time":"2021-12-17T13:45:15+00:00","article_modified_time":"2021-12-17T14:16:48+00:00","og_image":[{"width":702,"height":405,"url":"https:\/\/dronero.info\/news\/images\/2021\/12\/dronero-2021-citta-dementia-friendly.jpg","type":"image\/jpeg"}],"author":"rubines","twitter_card":"summary_large_image","twitter_misc":{"Scritto da":"rubines","Tempo di lettura stimato":"3 minuti"},"schema":{"@context":"https:\/\/schema.org","@graph":[{"@type":"Article","@id":"https:\/\/dronero.info\/news\/2021\/12\/17\/tombolata-dronero-amica-demenza\/#article","isPartOf":{"@id":"https:\/\/dronero.info\/news\/2021\/12\/17\/tombolata-dronero-amica-demenza\/"},"author":{"name":"rubines","@id":"https:\/\/dronero.info\/news\/#\/schema\/person\/1c3c7855ceeebd1edb28810e7e80a061"},"headline":"Tombolata natalizia per una Dronero pi\u00f9 informata","datePublished":"2021-12-17T13:45:15+00:00","dateModified":"2021-12-17T14:16:48+00:00","mainEntityOfPage":{"@id":"https:\/\/dronero.info\/news\/2021\/12\/17\/tombolata-dronero-amica-demenza\/"},"wordCount":466,"image":{"@id":"https:\/\/dronero.info\/news\/2021\/12\/17\/tombolata-dronero-amica-demenza\/#primaryimage"},"thumbnailUrl":"https:\/\/dronero.info\/news\/images\/2021\/12\/dronero-2021-citta-dementia-friendly.jpg","keywords":["eventi","salute"],"articleSection":["Dronero","Societ\u00e0"],"inLanguage":"it-IT"},{"@type":"WebPage","@id":"https:\/\/dronero.info\/news\/2021\/12\/17\/tombolata-dronero-amica-demenza\/","url":"https:\/\/dronero.info\/news\/2021\/12\/17\/tombolata-dronero-amica-demenza\/","name":"Tombolata natalizia per una Dronero pi\u00f9 informata - Dronero.info","isPartOf":{"@id":"https:\/\/dronero.info\/news\/#website"},"primaryImageOfPage":{"@id":"https:\/\/dronero.info\/news\/2021\/12\/17\/tombolata-dronero-amica-demenza\/#primaryimage"},"image":{"@id":"https:\/\/dronero.info\/news\/2021\/12\/17\/tombolata-dronero-amica-demenza\/#primaryimage"},"thumbnailUrl":"https:\/\/dronero.info\/news\/images\/2021\/12\/dronero-2021-citta-dementia-friendly.jpg","datePublished":"2021-12-17T13:45:15+00:00","dateModified":"2021-12-17T14:16:48+00:00","author":{"@id":"https:\/\/dronero.info\/news\/#\/schema\/person\/1c3c7855ceeebd1edb28810e7e80a061"},"description":"Dronero \u00e8 una delle 35 citt\u00e0 italiane \"Amica delle Persone con Demenza\", grazie alle molte attivit\u00e0 in corso rese possibili anche dal supporto dei volontari","breadcrumb":{"@id":"https:\/\/dronero.info\/news\/2021\/12\/17\/tombolata-dronero-amica-demenza\/#breadcrumb"},"inLanguage":"it-IT","potentialAction":[{"@type":"ReadAction","target":["https:\/\/dronero.info\/news\/2021\/12\/17\/tombolata-dronero-amica-demenza\/"]}]},{"@type":"ImageObject","inLanguage":"it-IT","@id":"https:\/\/dronero.info\/news\/2021\/12\/17\/tombolata-dronero-amica-demenza\/#primaryimage","url":"https:\/\/dronero.info\/news\/images\/2021\/12\/dronero-2021-citta-dementia-friendly.jpg","contentUrl":"https:\/\/dronero.info\/news\/images\/2021\/12\/dronero-2021-citta-dementia-friendly.jpg","width":702,"height":405,"caption":"Dronero 2021 - Dementia Friendly"},{"@type":"BreadcrumbList","@id":"https:\/\/dronero.info\/news\/2021\/12\/17\/tombolata-dronero-amica-demenza\/#breadcrumb","itemListElement":[{"@type":"ListItem","position":1,"name":"Home","item":"https:\/\/dronero.info\/news\/"},{"@type":"ListItem","position":2,"name":"Tombolata natalizia per una Dronero pi\u00f9 informata"}]},{"@type":"WebSite","@id":"https:\/\/dronero.info\/news\/#website","url":"https:\/\/dronero.info\/news\/","name":"Dronero.info","description":"Notizie che meritano diffusione","potentialAction":[{"@type":"SearchAction","target":{"@type":"EntryPoint","urlTemplate":"https:\/\/dronero.info\/news\/?s={search_term_string}"},"query-input":{"@type":"PropertyValueSpecification","valueRequired":true,"valueName":"search_term_string"}}],"inLanguage":"it-IT"},{"@type":"Person","@id":"https:\/\/dronero.info\/news\/#\/schema\/person\/1c3c7855ceeebd1edb28810e7e80a061","name":"rubines","image":{"@type":"ImageObject","inLanguage":"it-IT","@id":"https:\/\/dronero.info\/news\/#\/schema\/person\/image\/","url":"https:\/\/secure.gravatar.com\/avatar\/c2f0e0d515a107624234994507816ca4724c7199cef73fc8bedebf6931d73888?s=96&d=mm&r=g","contentUrl":"https:\/\/secure.gravatar.com\/avatar\/c2f0e0d515a107624234994507816ca4724c7199cef73fc8bedebf6931d73888?s=96&d=mm&r=g","caption":"rubines"},"url":"https:\/\/dronero.info\/news\/author\/rubines\/"}]}},"views":1096,"_links":{"self":[{"href":"https:\/\/dronero.info\/news\/wp-json\/wp\/v2\/posts\/263","targetHints":{"allow":["GET"]}}],"collection":[{"href":"https:\/\/dronero.info\/news\/wp-json\/wp\/v2\/posts"}],"about":[{"href":"https:\/\/dronero.info\/news\/wp-json\/wp\/v2\/types\/post"}],"author":[{"embeddable":true,"href":"https:\/\/dronero.info\/news\/wp-json\/wp\/v2\/users\/1"}],"replies":[{"embeddable":true,"href":"https:\/\/dronero.info\/news\/wp-json\/wp\/v2\/comments?post=263"}],"version-history":[{"count":0,"href":"https:\/\/dronero.info\/news\/wp-json\/wp\/v2\/posts\/263\/revisions"}],"wp:featuredmedia":[{"embeddable":true,"href":"https:\/\/dronero.info\/news\/wp-json\/wp\/v2\/media\/264"}],"wp:attachment":[{"href":"https:\/\/dronero.info\/news\/wp-json\/wp\/v2\/media?parent=263"}],"wp:term":[{"taxonomy":"category","embeddable":true,"href":"https:\/\/dronero.info\/news\/wp-json\/wp\/v2\/categories?post=263"},{"taxonomy":"post_tag","embeddable":true,"href":"https:\/\/dronero.info\/news\/wp-json\/wp\/v2\/tags?post=263"}],"curies":[{"name":"wp","href":"https:\/\/api.w.org\/{rel}","templated":true}]}}