{"id":140,"date":"2020-01-13T02:02:00","date_gmt":"2020-01-13T01:02:00","guid":{"rendered":"https:\/\/dronero.info\/news\/?p=140"},"modified":"2022-05-05T16:40:01","modified_gmt":"2022-05-05T14:40:01","slug":"anche-dronero-parte-monumento-diffuso-deportati","status":"publish","type":"post","link":"https:\/\/dronero.info\/news\/2020\/01\/13\/anche-dronero-parte-monumento-diffuso-deportati\/","title":{"rendered":"Anche Dronero \u00e8 parte del monumento diffuso ai deportati"},"content":{"rendered":"<figure id=\"attachment_141\" aria-describedby=\"caption-attachment-141\" style=\"width: 720px\" class=\"wp-caption alignnone\"><img loading=\"lazy\" decoding=\"async\" class=\"wp-image-141 size-full\" src=\"https:\/\/dronero.info\/news\/images\/2020\/01\/pietra-giuseppe-lugliengo-1.jpg\" alt=\"pietra inciampo giuseppe lugliengo dronero\" width=\"720\" height=\"479\" srcset=\"https:\/\/dronero.info\/news\/images\/2020\/01\/pietra-giuseppe-lugliengo-1.jpg 720w, https:\/\/dronero.info\/news\/images\/2020\/01\/pietra-giuseppe-lugliengo-1-300x200.jpg 300w\" sizes=\"auto, (max-width: 720px) 100vw, 720px\" \/><figcaption id=\"caption-attachment-141\" class=\"wp-caption-text\">Una delle 5 pietre d&#8217;inciampo posate a Dronero da Gunter Demnig.<\/figcaption><\/figure>\n<p>Dronero, 13.01.2020<br \/>\nLe vittime di un orrore mai visto prima meritavano un tipo di monumento alla memoria mai visto prima. Ma non \u00e8 stato facile trovare come realizzarlo.<br \/>\nIl problema di dare individualit\u00e0 e ricordare le vittime della deportazione nazista se lo \u00e8 posto, e l&#8217;ha risolto, un artista tedesco che si sta dedicando ad incastonare nel selciato delle &#8220;Stolpersteine&#8221;, termine traducibile con &#8220;pietre d&#8217;inciampo&#8221;.<\/p>\n<p>Gunter Demnig, cos\u00ec si chiama, le produce nel suo laboratorio di Frechen, in Germania: si tratta di un particolare tipo di sanpietrino, che viene per cos\u00ec dire abbigliato in modo da diventare commemorativo. A questo scopo, la facciata del cubetto, che misura circa 10 centimetri di lato, viene ricoperta con una targhetta in ottone, che reca incisi i dati riguardanti una singola persona. Nome, cognome, data di nascita, data della deportazione e nome del campo di sterminio, a cui segue la data di morte. Il testo lapidario inizia solitamente con &#8220;Qui abitava&#8221; e diventa il mesto messaggio lanciato ai passanti che si lascino attrarre da quella targhetta lucente che affiora sul marciapiede, davanti ad un portone.<\/p>\n<p>Il sig. Demnig, un pacato giovanotto di 72 anni che difficilmente si separa dal suo cappello a larghe tese, armato di cemento, cazzuola ed attrezzi vari provvede personalmente a piazzare le pietre, che ormai sono pi\u00f9 di 72mila, sparse in 24 Paesi d&#8217;Europa. La prima posa risale al 1996, a Berlino, la 50millesima \u00e8 avvenuta a Torino.<\/p>\n<p>Ma veniamo a Dronero, dove luned\u00ec 13 gennaio l&#8217;artista ha cementato 5 pietre che, in quattro punti diversi del paese, ricorderanno altrettante persone vittime della deportazione nazi-fascista: Pietro Allemandi in via C. Colombo 2; Cristoforo Coalova e Giovanni Lantermino in via G. Giolitti 73; Giuseppe Lugliengo in viale Stazione 10; Magno Marchi\u00f2 in via XXIV maggio 128.<\/p>\n<figure id=\"attachment_141\" aria-describedby=\"caption-attachment-141\" style=\"width: 720px\" class=\"wp-caption alignnone\"><img loading=\"lazy\" decoding=\"async\" class=\"wp-image-141 size-full\" src=\"https:\/\/dronero.info\/news\/images\/2020\/01\/gunter-demnig-pietre-inciampo-dronero.jpg\" alt=\"pietra inciampo giuseppe lugliengo dronero\" width=\"720\" height=\"479\"><figcaption id=\"caption-attachment-141\" class=\"wp-caption-text\">L&#8217;artista berlinese Gunter Demnig ha parlato del suo progetto in pieno svolgimento ed ha risposto alle domande del pubblico presente in sala.<\/figcaption><\/figure>\n<p>Nel pomeriggio, presso il Centro Giolitti, l&#8217;inventore di questo straordinario museo diffuso ha tenuto una conferenza, raccontando come inizialmente avesse pensato di stampare delle foto per ricordare ogni persona deportata. Ma la realizzazione era complicata e alquanto impraticabile.<\/p>\n<p>Nel 1993 a Colonia, su commissione, aveva realizzato e affisso una targa che commemorava cittadini rom e sinti inviati ai campi di concentramento. In seguito alle parole di una signora che sosteneva non avessero mai abitato in citt\u00e0 rappresentanti di quelle etnie, che in realt\u00e0 erano l\u00ec da 400 anni ma cos\u00ec ben inseriti nella societ\u00e0 da non essere notati, Demnig si propose di posizionare una piccola targa nei pressi della casa di ogni persona non pi\u00f9 tornata dalla deportazione. Oppure nel luogo stesso dove era avvenuto l&#8217;arresto.<\/p>\n<p>Ha raccontato di aver approfondito da solo quanto era successo durante la dittatura nazista, perch\u00e9 quando era studente a scuola non se ne parlava.<\/p>\n<p>Un ragazzo tra il pubblico gli ha quindi posto alcune domande su quali fossero le sue sensazioni nello svolgere questo incarico (le pietre possono essere richieste e sponsorizzate da chiunque, ovviamente indicando i dati della persona a cui si dedicano, ndr). L&#8217;artista ha risposto che sia la preparazione come la posa lo toccano profondamente, facendolo sentire vicino ai parenti delle vittime e responsabile di una sorta di rivivificazione del defunto.<\/p>\n<p>La conferenza si \u00e8 poi conclusa con la proiezione in parte di un documentario girato nel 2015 a Mauthausen, Auschwitz e Dacau in occasione del viaggio in bicicletta di due cicloamatori saviglianesi. Silvano Parlanti (presente in sala ed intervenuto nella presentazione) e Rodolfo Perini, questi i loro nomi, avevano portato a termine questa impresa, con il patrocinio del comune di Savigliano ed in collaborazione con le scuole cittadine, nel 70\u00b0 Anniversario della liberazione di Auschwitz.<\/p>\n<p>Il sig. Demnig ed i suoi collaboratori stanno raccogliendo in una banca dati tutte le informazioni loro pervenute nelle commissioni delle varie pietre d&#8217;inciampo.<br \/>\nIn attesa che sia al pubblico, altrove si pu\u00f2 gi\u00e0 consultare la mappatura di quest&#8217;opera ciclopica tutt&#8217;ora in corso di costruzione:<br \/>\n&#8211; <a href=\"https:\/\/lab.gedidigital.it\/repubblica\/2020\/cronaca\/giorno-della-memoria-pietre-di-inciampo\/\" target=\"_blank\" rel=\"noopener noreferrer\">https:\/\/lab.gedidigital.it\/repubblica\/2020\/cronaca\/giorno-della-memoria-pietre-di-inciampo\/<\/a><br \/>\n&#8211; <a href=\"http:\/\/www.stolpersteine.eu\/en\/timetable\/\" target=\"_blank\" rel=\"noopener noreferrer\">http:\/\/www.stolpersteine.eu\/en\/timetable\/<\/a><\/p>\n<p><small>Fonte: SalaStampa.Eu \u2013 Articolo e Credito Foto: Ines Beltramo. All Rights Reserved.<br \/>\nInformazione di dominio pubblico<\/small><\/p>\n<div style=\"border: 2px dotted #CCC; padding:5px; margin:0; text-align:center;\"><i>Questo articolo \u00e8 stato offerto da:<\/i><\/p>\n<h4><a href=\"http:\/\/pirunel.tel\" target=\"_blank\" rel=\"noopener noreferrer\">Pirunel<\/a><\/h4>\n<p>produzioni grafiche a Dronero (Cuneo)<\/p>\n<\/div>\n","protected":false},"excerpt":{"rendered":"<p>Le vittime di un orrore mai visto prima meritavano un tipo di monumento alla memoria mai visto prima. Per Gunter Demnig non \u00e8 stato facile trovare come realizzarlo.<\/p>\n","protected":false},"author":1,"featured_media":141,"comment_status":"closed","ping_status":"closed","sticky":false,"template":"","format":"standard","meta":{"footnotes":"","_links_to":"","_links_to_target":""},"categories":[3,23],"tags":[9],"class_list":["post-140","post","type-post","status-publish","format-standard","has-post-thumbnail","hentry","category-dronero","category-societa","tag-eventi"],"yoast_head":"<!-- This site is optimized with the Yoast SEO plugin v27.1.1 - https:\/\/yoast.com\/product\/yoast-seo-wordpress\/ -->\n<title>Anche Dronero \u00e8 parte del monumento diffuso ai deportati - Dronero.info<\/title>\n<meta name=\"robots\" content=\"index, follow, max-snippet:-1, max-image-preview:large, max-video-preview:-1\" \/>\n<link rel=\"canonical\" href=\"https:\/\/dronero.info\/news\/2020\/01\/13\/anche-dronero-parte-monumento-diffuso-deportati\/\" \/>\n<meta property=\"og:locale\" content=\"it_IT\" \/>\n<meta property=\"og:type\" content=\"article\" \/>\n<meta property=\"og:title\" content=\"Anche Dronero \u00e8 parte del monumento diffuso ai deportati - Dronero.info\" \/>\n<meta property=\"og:description\" content=\"Le vittime di un orrore mai visto prima meritavano un tipo di monumento alla memoria mai visto prima. Per Gunter Demnig non \u00e8 stato facile trovare come realizzarlo.\" \/>\n<meta property=\"og:url\" content=\"https:\/\/dronero.info\/news\/2020\/01\/13\/anche-dronero-parte-monumento-diffuso-deportati\/\" \/>\n<meta property=\"og:site_name\" content=\"Dronero.info\" \/>\n<meta property=\"article:published_time\" content=\"2020-01-13T01:02:00+00:00\" \/>\n<meta property=\"article:modified_time\" content=\"2022-05-05T14:40:01+00:00\" \/>\n<meta property=\"og:image\" content=\"https:\/\/dronero.info\/news\/images\/2020\/01\/pietra-giuseppe-lugliengo-1.jpg\" \/>\n\t<meta property=\"og:image:width\" content=\"720\" \/>\n\t<meta property=\"og:image:height\" content=\"479\" \/>\n\t<meta property=\"og:image:type\" content=\"image\/jpeg\" \/>\n<meta name=\"author\" content=\"rubines\" \/>\n<meta name=\"twitter:card\" content=\"summary_large_image\" \/>\n<meta name=\"twitter:label1\" content=\"Scritto da\" \/>\n\t<meta name=\"twitter:data1\" content=\"rubines\" \/>\n\t<meta name=\"twitter:label2\" content=\"Tempo di lettura stimato\" \/>\n\t<meta name=\"twitter:data2\" content=\"5 minuti\" \/>\n<script type=\"application\/ld+json\" class=\"yoast-schema-graph\">{\"@context\":\"https:\/\/schema.org\",\"@graph\":[{\"@type\":\"Article\",\"@id\":\"https:\/\/dronero.info\/news\/2020\/01\/13\/anche-dronero-parte-monumento-diffuso-deportati\/#article\",\"isPartOf\":{\"@id\":\"https:\/\/dronero.info\/news\/2020\/01\/13\/anche-dronero-parte-monumento-diffuso-deportati\/\"},\"author\":{\"name\":\"rubines\",\"@id\":\"https:\/\/dronero.info\/news\/#\/schema\/person\/1c3c7855ceeebd1edb28810e7e80a061\"},\"headline\":\"Anche Dronero \u00e8 parte del monumento diffuso ai deportati\",\"datePublished\":\"2020-01-13T01:02:00+00:00\",\"dateModified\":\"2022-05-05T14:40:01+00:00\",\"mainEntityOfPage\":{\"@id\":\"https:\/\/dronero.info\/news\/2020\/01\/13\/anche-dronero-parte-monumento-diffuso-deportati\/\"},\"wordCount\":724,\"image\":{\"@id\":\"https:\/\/dronero.info\/news\/2020\/01\/13\/anche-dronero-parte-monumento-diffuso-deportati\/#primaryimage\"},\"thumbnailUrl\":\"https:\/\/dronero.info\/news\/images\/2020\/01\/pietra-giuseppe-lugliengo-1.jpg\",\"keywords\":[\"eventi\"],\"articleSection\":[\"Dronero\",\"Societ\u00e0\"],\"inLanguage\":\"it-IT\"},{\"@type\":\"WebPage\",\"@id\":\"https:\/\/dronero.info\/news\/2020\/01\/13\/anche-dronero-parte-monumento-diffuso-deportati\/\",\"url\":\"https:\/\/dronero.info\/news\/2020\/01\/13\/anche-dronero-parte-monumento-diffuso-deportati\/\",\"name\":\"Anche Dronero \u00e8 parte del monumento diffuso ai deportati - Dronero.info\",\"isPartOf\":{\"@id\":\"https:\/\/dronero.info\/news\/#website\"},\"primaryImageOfPage\":{\"@id\":\"https:\/\/dronero.info\/news\/2020\/01\/13\/anche-dronero-parte-monumento-diffuso-deportati\/#primaryimage\"},\"image\":{\"@id\":\"https:\/\/dronero.info\/news\/2020\/01\/13\/anche-dronero-parte-monumento-diffuso-deportati\/#primaryimage\"},\"thumbnailUrl\":\"https:\/\/dronero.info\/news\/images\/2020\/01\/pietra-giuseppe-lugliengo-1.jpg\",\"datePublished\":\"2020-01-13T01:02:00+00:00\",\"dateModified\":\"2022-05-05T14:40:01+00:00\",\"author\":{\"@id\":\"https:\/\/dronero.info\/news\/#\/schema\/person\/1c3c7855ceeebd1edb28810e7e80a061\"},\"breadcrumb\":{\"@id\":\"https:\/\/dronero.info\/news\/2020\/01\/13\/anche-dronero-parte-monumento-diffuso-deportati\/#breadcrumb\"},\"inLanguage\":\"it-IT\",\"potentialAction\":[{\"@type\":\"ReadAction\",\"target\":[\"https:\/\/dronero.info\/news\/2020\/01\/13\/anche-dronero-parte-monumento-diffuso-deportati\/\"]}]},{\"@type\":\"ImageObject\",\"inLanguage\":\"it-IT\",\"@id\":\"https:\/\/dronero.info\/news\/2020\/01\/13\/anche-dronero-parte-monumento-diffuso-deportati\/#primaryimage\",\"url\":\"https:\/\/dronero.info\/news\/images\/2020\/01\/pietra-giuseppe-lugliengo-1.jpg\",\"contentUrl\":\"https:\/\/dronero.info\/news\/images\/2020\/01\/pietra-giuseppe-lugliengo-1.jpg\",\"width\":720,\"height\":479,\"caption\":\"pietra inciampo giuseppe lugliengo dronero\"},{\"@type\":\"BreadcrumbList\",\"@id\":\"https:\/\/dronero.info\/news\/2020\/01\/13\/anche-dronero-parte-monumento-diffuso-deportati\/#breadcrumb\",\"itemListElement\":[{\"@type\":\"ListItem\",\"position\":1,\"name\":\"Home\",\"item\":\"https:\/\/dronero.info\/news\/\"},{\"@type\":\"ListItem\",\"position\":2,\"name\":\"Anche Dronero \u00e8 parte del monumento diffuso ai deportati\"}]},{\"@type\":\"WebSite\",\"@id\":\"https:\/\/dronero.info\/news\/#website\",\"url\":\"https:\/\/dronero.info\/news\/\",\"name\":\"Dronero.info\",\"description\":\"Notizie che meritano diffusione\",\"potentialAction\":[{\"@type\":\"SearchAction\",\"target\":{\"@type\":\"EntryPoint\",\"urlTemplate\":\"https:\/\/dronero.info\/news\/?s={search_term_string}\"},\"query-input\":{\"@type\":\"PropertyValueSpecification\",\"valueRequired\":true,\"valueName\":\"search_term_string\"}}],\"inLanguage\":\"it-IT\"},{\"@type\":\"Person\",\"@id\":\"https:\/\/dronero.info\/news\/#\/schema\/person\/1c3c7855ceeebd1edb28810e7e80a061\",\"name\":\"rubines\",\"image\":{\"@type\":\"ImageObject\",\"inLanguage\":\"it-IT\",\"@id\":\"https:\/\/dronero.info\/news\/#\/schema\/person\/image\/\",\"url\":\"https:\/\/secure.gravatar.com\/avatar\/c2f0e0d515a107624234994507816ca4724c7199cef73fc8bedebf6931d73888?s=96&d=mm&r=g\",\"contentUrl\":\"https:\/\/secure.gravatar.com\/avatar\/c2f0e0d515a107624234994507816ca4724c7199cef73fc8bedebf6931d73888?s=96&d=mm&r=g\",\"caption\":\"rubines\"},\"url\":\"https:\/\/dronero.info\/news\/author\/rubines\/\"}]}<\/script>\n<!-- \/ Yoast SEO plugin. -->","yoast_head_json":{"title":"Anche Dronero \u00e8 parte del monumento diffuso ai deportati - Dronero.info","robots":{"index":"index","follow":"follow","max-snippet":"max-snippet:-1","max-image-preview":"max-image-preview:large","max-video-preview":"max-video-preview:-1"},"canonical":"https:\/\/dronero.info\/news\/2020\/01\/13\/anche-dronero-parte-monumento-diffuso-deportati\/","og_locale":"it_IT","og_type":"article","og_title":"Anche Dronero \u00e8 parte del monumento diffuso ai deportati - Dronero.info","og_description":"Le vittime di un orrore mai visto prima meritavano un tipo di monumento alla memoria mai visto prima. Per Gunter Demnig non \u00e8 stato facile trovare come realizzarlo.","og_url":"https:\/\/dronero.info\/news\/2020\/01\/13\/anche-dronero-parte-monumento-diffuso-deportati\/","og_site_name":"Dronero.info","article_published_time":"2020-01-13T01:02:00+00:00","article_modified_time":"2022-05-05T14:40:01+00:00","og_image":[{"width":720,"height":479,"url":"https:\/\/dronero.info\/news\/images\/2020\/01\/pietra-giuseppe-lugliengo-1.jpg","type":"image\/jpeg"}],"author":"rubines","twitter_card":"summary_large_image","twitter_misc":{"Scritto da":"rubines","Tempo di lettura stimato":"5 minuti"},"schema":{"@context":"https:\/\/schema.org","@graph":[{"@type":"Article","@id":"https:\/\/dronero.info\/news\/2020\/01\/13\/anche-dronero-parte-monumento-diffuso-deportati\/#article","isPartOf":{"@id":"https:\/\/dronero.info\/news\/2020\/01\/13\/anche-dronero-parte-monumento-diffuso-deportati\/"},"author":{"name":"rubines","@id":"https:\/\/dronero.info\/news\/#\/schema\/person\/1c3c7855ceeebd1edb28810e7e80a061"},"headline":"Anche Dronero \u00e8 parte del monumento diffuso ai deportati","datePublished":"2020-01-13T01:02:00+00:00","dateModified":"2022-05-05T14:40:01+00:00","mainEntityOfPage":{"@id":"https:\/\/dronero.info\/news\/2020\/01\/13\/anche-dronero-parte-monumento-diffuso-deportati\/"},"wordCount":724,"image":{"@id":"https:\/\/dronero.info\/news\/2020\/01\/13\/anche-dronero-parte-monumento-diffuso-deportati\/#primaryimage"},"thumbnailUrl":"https:\/\/dronero.info\/news\/images\/2020\/01\/pietra-giuseppe-lugliengo-1.jpg","keywords":["eventi"],"articleSection":["Dronero","Societ\u00e0"],"inLanguage":"it-IT"},{"@type":"WebPage","@id":"https:\/\/dronero.info\/news\/2020\/01\/13\/anche-dronero-parte-monumento-diffuso-deportati\/","url":"https:\/\/dronero.info\/news\/2020\/01\/13\/anche-dronero-parte-monumento-diffuso-deportati\/","name":"Anche Dronero \u00e8 parte del monumento diffuso ai deportati - Dronero.info","isPartOf":{"@id":"https:\/\/dronero.info\/news\/#website"},"primaryImageOfPage":{"@id":"https:\/\/dronero.info\/news\/2020\/01\/13\/anche-dronero-parte-monumento-diffuso-deportati\/#primaryimage"},"image":{"@id":"https:\/\/dronero.info\/news\/2020\/01\/13\/anche-dronero-parte-monumento-diffuso-deportati\/#primaryimage"},"thumbnailUrl":"https:\/\/dronero.info\/news\/images\/2020\/01\/pietra-giuseppe-lugliengo-1.jpg","datePublished":"2020-01-13T01:02:00+00:00","dateModified":"2022-05-05T14:40:01+00:00","author":{"@id":"https:\/\/dronero.info\/news\/#\/schema\/person\/1c3c7855ceeebd1edb28810e7e80a061"},"breadcrumb":{"@id":"https:\/\/dronero.info\/news\/2020\/01\/13\/anche-dronero-parte-monumento-diffuso-deportati\/#breadcrumb"},"inLanguage":"it-IT","potentialAction":[{"@type":"ReadAction","target":["https:\/\/dronero.info\/news\/2020\/01\/13\/anche-dronero-parte-monumento-diffuso-deportati\/"]}]},{"@type":"ImageObject","inLanguage":"it-IT","@id":"https:\/\/dronero.info\/news\/2020\/01\/13\/anche-dronero-parte-monumento-diffuso-deportati\/#primaryimage","url":"https:\/\/dronero.info\/news\/images\/2020\/01\/pietra-giuseppe-lugliengo-1.jpg","contentUrl":"https:\/\/dronero.info\/news\/images\/2020\/01\/pietra-giuseppe-lugliengo-1.jpg","width":720,"height":479,"caption":"pietra inciampo giuseppe lugliengo dronero"},{"@type":"BreadcrumbList","@id":"https:\/\/dronero.info\/news\/2020\/01\/13\/anche-dronero-parte-monumento-diffuso-deportati\/#breadcrumb","itemListElement":[{"@type":"ListItem","position":1,"name":"Home","item":"https:\/\/dronero.info\/news\/"},{"@type":"ListItem","position":2,"name":"Anche Dronero \u00e8 parte del monumento diffuso ai deportati"}]},{"@type":"WebSite","@id":"https:\/\/dronero.info\/news\/#website","url":"https:\/\/dronero.info\/news\/","name":"Dronero.info","description":"Notizie che meritano diffusione","potentialAction":[{"@type":"SearchAction","target":{"@type":"EntryPoint","urlTemplate":"https:\/\/dronero.info\/news\/?s={search_term_string}"},"query-input":{"@type":"PropertyValueSpecification","valueRequired":true,"valueName":"search_term_string"}}],"inLanguage":"it-IT"},{"@type":"Person","@id":"https:\/\/dronero.info\/news\/#\/schema\/person\/1c3c7855ceeebd1edb28810e7e80a061","name":"rubines","image":{"@type":"ImageObject","inLanguage":"it-IT","@id":"https:\/\/dronero.info\/news\/#\/schema\/person\/image\/","url":"https:\/\/secure.gravatar.com\/avatar\/c2f0e0d515a107624234994507816ca4724c7199cef73fc8bedebf6931d73888?s=96&d=mm&r=g","contentUrl":"https:\/\/secure.gravatar.com\/avatar\/c2f0e0d515a107624234994507816ca4724c7199cef73fc8bedebf6931d73888?s=96&d=mm&r=g","caption":"rubines"},"url":"https:\/\/dronero.info\/news\/author\/rubines\/"}]}},"views":2508,"_links":{"self":[{"href":"https:\/\/dronero.info\/news\/wp-json\/wp\/v2\/posts\/140","targetHints":{"allow":["GET"]}}],"collection":[{"href":"https:\/\/dronero.info\/news\/wp-json\/wp\/v2\/posts"}],"about":[{"href":"https:\/\/dronero.info\/news\/wp-json\/wp\/v2\/types\/post"}],"author":[{"embeddable":true,"href":"https:\/\/dronero.info\/news\/wp-json\/wp\/v2\/users\/1"}],"replies":[{"embeddable":true,"href":"https:\/\/dronero.info\/news\/wp-json\/wp\/v2\/comments?post=140"}],"version-history":[{"count":0,"href":"https:\/\/dronero.info\/news\/wp-json\/wp\/v2\/posts\/140\/revisions"}],"wp:featuredmedia":[{"embeddable":true,"href":"https:\/\/dronero.info\/news\/wp-json\/wp\/v2\/media\/141"}],"wp:attachment":[{"href":"https:\/\/dronero.info\/news\/wp-json\/wp\/v2\/media?parent=140"}],"wp:term":[{"taxonomy":"category","embeddable":true,"href":"https:\/\/dronero.info\/news\/wp-json\/wp\/v2\/categories?post=140"},{"taxonomy":"post_tag","embeddable":true,"href":"https:\/\/dronero.info\/news\/wp-json\/wp\/v2\/tags?post=140"}],"curies":[{"name":"wp","href":"https:\/\/api.w.org\/{rel}","templated":true}]}}