{"id":1,"date":"2012-04-19T23:01:04","date_gmt":"2012-04-19T21:01:04","guid":{"rendered":"https:\/\/dronero.info\/news\/?p=1"},"modified":"2020-07-10T12:31:29","modified_gmt":"2020-07-10T10:31:29","slug":"gozzi-dame","status":"publish","type":"post","link":"https:\/\/dronero.info\/news\/2012\/04\/19\/gozzi-dame\/","title":{"rendered":"Gozzi e Dame"},"content":{"rendered":"<figure id=\"attachment_27\" aria-describedby=\"caption-attachment-27\" style=\"width: 300px\" class=\"wp-caption alignleft\"><img loading=\"lazy\" decoding=\"async\" class=\"size-medium wp-image-27\" src=\"https:\/\/dronero.info\/news\/images\/2019\/10\/damas-de-blanco-300x188.jpg\" alt=\"Cuba, las Damas de Blanco\" width=\"300\" height=\"188\" srcset=\"https:\/\/dronero.info\/news\/images\/2019\/10\/damas-de-blanco-300x188.jpg 300w, https:\/\/dronero.info\/news\/images\/2019\/10\/damas-de-blanco.jpg 500w\" sizes=\"auto, (max-width: 300px) 100vw, 300px\" \/><figcaption id=\"caption-attachment-27\" class=\"wp-caption-text\">Le &#8220;Damas de Blanco&#8221; sfilano in silenzio ogni domenica a Cuba, arresti permettendo&#8230;<\/figcaption><\/figure>\n<p>Cuba, 19.04.2012<br \/>\nDifficile stabilire se si tratti di una notizia storica oppure di una leggenda metropolitana, ma ho sentito raccontare pi\u00f9 volte da mio padre che in occasione della visita del re Vittorio Emanuele III a Cuneo si era fatto in modo che non sostassero sul suo percorso persone con il gozzo.<\/p>\n<p>\u00c8 legittimo pensare che, siccome la scarsit\u00e0 dello iodio in quella zona alpina del Piemonte causava in molti individui disfunzioni della ghiandola tiroidea e malattie come il cretinismo, caratterizzato oltre che dall&#8217;ingrossamento del collo anche da malformazioni dello scheletro e da ritardo mentale, probabilmente si fosse voluto evitare di mostrare al re la parte di popolazione meno &#8220;prestante&#8221;.<br \/>\nEd ipocrisie a parte, si pu\u00f2 capire che le autorit\u00e0 ed i cuneesi tutti volessero fare bella figura di fronte al sovrano che li onorava della sua presenza.<\/p>\n<p>L&#8217;aneddoto mi \u00e8 tornato in mente quando ho sentito dire che il governo cubano, in occasione della visita di Papa Benedetto XVI lo scorso fine marzo, aveva eseguito una serie di arresti diremmo &#8220;cautelativi&#8221; tra le file de Las Damas de Blanco.<\/p>\n<p>Queste pazienti e coraggiose donne, che sono madri, mogli, sorelle, figlie e nipoti di detenuti politici ed ogni domenica mattina, portando fiori e foto dei loro cari di cui reclamano in silenzio la libert\u00e0, sfilano bianco-vestite in processione nelle vie di Cuba intorno alla chiesa di Santa Rita dopo aver assistito alla messa, sono state temporaneamente sequestrate alla vigilia della visita del Papa, a cui avevano chiesto tramite una lettera all&#8217;Arcivescovo di Avana almeno un minuto di udienza.<\/p>\n<p>La cosa grave \u00e8 che il sovrano di casa Savoia poteva anche non sapere che molti cuneesi avessero il gozzo e tantomeno che fosse possibile ed utile curare le malattie dovute alla carenza di iodio.<br \/>\nDifficile invece credere che il Santo Padre, recatosi nella nazione caraibica in occasione del Giubileo 2012 per il 400\u00b0 anniversario della scoperta della Virgen de la Caridad del Cobre, patrona di Cuba, ignorasse che le carceri cubane erano, e sono, piene di dissidenti politici, argomento di cui non c&#8221;\u00e8 traccia nei colloqui ufficiali con le autorit\u00e0 castriste.<\/p>\n<p>Ai cattolici dell&#8217;isola \u00e8 stato permesso di festeggiare il Natale gi\u00e0 dal 1997, in preparazione della visita che di l\u00ec a poco Giovanni Paolo II avrebbe compiuto, e dopo circa cinquant&#8217;anni lo scorso aprile il Venerd\u00ec Santo \u00e8 stato considerato un giorno festivo, cosa impensabile persino in Italia.<\/p>\n<p>Nella seconda met\u00e0 del &#8216;900 la medicina ed una pi\u00f9 corretta alimentazione hanno drasticamente ridotto il numero delle persone con il &#8220;gav\u00e0s&#8221;, come viene dialettalmente definito il gozzo in Piemonte.<\/p>\n<p>Ma, perch\u00e9 a Cuba i diritti umani siano di casa, temo che non baster\u00e0 qualche visita papale.<\/p>\n<p><small>I.B. \u2013 \u00a9 2012 ElCanillita.info<\/small><\/p>\n<p><small>Fonte: SalaStampa.Eu &#8211; Credito Foto: damasdeblanco.com<br \/>\nInformazione di dominio pubblico<\/small><\/p>\n<div style=\"border: 2px dotted #CCC; padding:5px; margin:0; text-align:center;\"><i><small>Questo articolo \u00e8 stato offerto da:<\/small><\/i><\/p>\n<h4><a href=\"http:\/\/pirunel.tel\" target=\"_blank\" rel=\"noopener noreferrer\">Pirunel, produzioni grafiche<\/a><\/h4>\n<p>promozione attivit\u00e0, siti web, editoria e grafica in Dronero (Cuneo)<\/p>\n<\/div>\n","protected":false},"excerpt":{"rendered":"<p>Cuba, 19.04.2012 Difficile stabilire se si tratti di una notizia storica oppure di una leggenda<\/p>\n","protected":false},"author":1,"featured_media":27,"comment_status":"closed","ping_status":"closed","sticky":false,"template":"","format":"standard","meta":{"footnotes":"","_links_to":"","_links_to_target":""},"categories":[5,18,23],"tags":[31,9,29],"class_list":["post-1","post","type-post","status-publish","format-standard","has-post-thumbnail","hentry","category-cuneo","category-mondo","category-societa","tag-dritti-e-rovesci","tag-eventi","tag-religione"],"yoast_head":"<!-- This site is optimized with the Yoast SEO plugin v27.1.1 - https:\/\/yoast.com\/product\/yoast-seo-wordpress\/ -->\n<title>Gozzi e Dame - Dronero.info<\/title>\n<meta name=\"robots\" content=\"index, follow, max-snippet:-1, max-image-preview:large, max-video-preview:-1\" \/>\n<link rel=\"canonical\" href=\"https:\/\/dronero.info\/news\/2012\/04\/19\/gozzi-dame\/\" \/>\n<meta property=\"og:locale\" content=\"it_IT\" \/>\n<meta property=\"og:type\" content=\"article\" \/>\n<meta property=\"og:title\" content=\"Gozzi e Dame - Dronero.info\" \/>\n<meta property=\"og:description\" content=\"Cuba, 19.04.2012 Difficile stabilire se si tratti di una notizia storica oppure di una leggenda\" \/>\n<meta property=\"og:url\" content=\"https:\/\/dronero.info\/news\/2012\/04\/19\/gozzi-dame\/\" \/>\n<meta property=\"og:site_name\" content=\"Dronero.info\" \/>\n<meta property=\"article:published_time\" content=\"2012-04-19T21:01:04+00:00\" \/>\n<meta property=\"article:modified_time\" content=\"2020-07-10T10:31:29+00:00\" \/>\n<meta property=\"og:image\" content=\"https:\/\/dronero.info\/news\/images\/2019\/10\/damas-de-blanco.jpg\" \/>\n\t<meta property=\"og:image:width\" content=\"500\" \/>\n\t<meta property=\"og:image:height\" content=\"314\" \/>\n\t<meta property=\"og:image:type\" content=\"image\/jpeg\" \/>\n<meta name=\"author\" content=\"rubines\" \/>\n<meta name=\"twitter:card\" content=\"summary_large_image\" \/>\n<meta name=\"twitter:label1\" content=\"Scritto da\" \/>\n\t<meta name=\"twitter:data1\" content=\"rubines\" \/>\n\t<meta name=\"twitter:label2\" content=\"Tempo di lettura stimato\" \/>\n\t<meta name=\"twitter:data2\" content=\"2 minuti\" \/>\n<script type=\"application\/ld+json\" class=\"yoast-schema-graph\">{\"@context\":\"https:\/\/schema.org\",\"@graph\":[{\"@type\":\"Article\",\"@id\":\"https:\/\/dronero.info\/news\/2012\/04\/19\/gozzi-dame\/#article\",\"isPartOf\":{\"@id\":\"https:\/\/dronero.info\/news\/2012\/04\/19\/gozzi-dame\/\"},\"author\":{\"name\":\"rubines\",\"@id\":\"https:\/\/dronero.info\/news\/#\/schema\/person\/1c3c7855ceeebd1edb28810e7e80a061\"},\"headline\":\"Gozzi e Dame\",\"datePublished\":\"2012-04-19T21:01:04+00:00\",\"dateModified\":\"2020-07-10T10:31:29+00:00\",\"mainEntityOfPage\":{\"@id\":\"https:\/\/dronero.info\/news\/2012\/04\/19\/gozzi-dame\/\"},\"wordCount\":498,\"image\":{\"@id\":\"https:\/\/dronero.info\/news\/2012\/04\/19\/gozzi-dame\/#primaryimage\"},\"thumbnailUrl\":\"https:\/\/dronero.info\/news\/images\/2019\/10\/damas-de-blanco.jpg\",\"keywords\":[\"dritti e rovesci\",\"eventi\",\"religione\"],\"articleSection\":[\"Cuneo\",\"Mondo\",\"Societ\u00e0\"],\"inLanguage\":\"it-IT\"},{\"@type\":\"WebPage\",\"@id\":\"https:\/\/dronero.info\/news\/2012\/04\/19\/gozzi-dame\/\",\"url\":\"https:\/\/dronero.info\/news\/2012\/04\/19\/gozzi-dame\/\",\"name\":\"Gozzi e Dame - Dronero.info\",\"isPartOf\":{\"@id\":\"https:\/\/dronero.info\/news\/#website\"},\"primaryImageOfPage\":{\"@id\":\"https:\/\/dronero.info\/news\/2012\/04\/19\/gozzi-dame\/#primaryimage\"},\"image\":{\"@id\":\"https:\/\/dronero.info\/news\/2012\/04\/19\/gozzi-dame\/#primaryimage\"},\"thumbnailUrl\":\"https:\/\/dronero.info\/news\/images\/2019\/10\/damas-de-blanco.jpg\",\"datePublished\":\"2012-04-19T21:01:04+00:00\",\"dateModified\":\"2020-07-10T10:31:29+00:00\",\"author\":{\"@id\":\"https:\/\/dronero.info\/news\/#\/schema\/person\/1c3c7855ceeebd1edb28810e7e80a061\"},\"breadcrumb\":{\"@id\":\"https:\/\/dronero.info\/news\/2012\/04\/19\/gozzi-dame\/#breadcrumb\"},\"inLanguage\":\"it-IT\",\"potentialAction\":[{\"@type\":\"ReadAction\",\"target\":[\"https:\/\/dronero.info\/news\/2012\/04\/19\/gozzi-dame\/\"]}]},{\"@type\":\"ImageObject\",\"inLanguage\":\"it-IT\",\"@id\":\"https:\/\/dronero.info\/news\/2012\/04\/19\/gozzi-dame\/#primaryimage\",\"url\":\"https:\/\/dronero.info\/news\/images\/2019\/10\/damas-de-blanco.jpg\",\"contentUrl\":\"https:\/\/dronero.info\/news\/images\/2019\/10\/damas-de-blanco.jpg\",\"width\":500,\"height\":314,\"caption\":\"Le \\\"Damas de Blanco\\\" sfilano in silenzio ogni domenica a Cuba, arresti permettendo...\"},{\"@type\":\"BreadcrumbList\",\"@id\":\"https:\/\/dronero.info\/news\/2012\/04\/19\/gozzi-dame\/#breadcrumb\",\"itemListElement\":[{\"@type\":\"ListItem\",\"position\":1,\"name\":\"Home\",\"item\":\"https:\/\/dronero.info\/news\/\"},{\"@type\":\"ListItem\",\"position\":2,\"name\":\"Gozzi e Dame\"}]},{\"@type\":\"WebSite\",\"@id\":\"https:\/\/dronero.info\/news\/#website\",\"url\":\"https:\/\/dronero.info\/news\/\",\"name\":\"Dronero.info\",\"description\":\"Notizie che meritano diffusione\",\"potentialAction\":[{\"@type\":\"SearchAction\",\"target\":{\"@type\":\"EntryPoint\",\"urlTemplate\":\"https:\/\/dronero.info\/news\/?s={search_term_string}\"},\"query-input\":{\"@type\":\"PropertyValueSpecification\",\"valueRequired\":true,\"valueName\":\"search_term_string\"}}],\"inLanguage\":\"it-IT\"},{\"@type\":\"Person\",\"@id\":\"https:\/\/dronero.info\/news\/#\/schema\/person\/1c3c7855ceeebd1edb28810e7e80a061\",\"name\":\"rubines\",\"image\":{\"@type\":\"ImageObject\",\"inLanguage\":\"it-IT\",\"@id\":\"https:\/\/dronero.info\/news\/#\/schema\/person\/image\/\",\"url\":\"https:\/\/secure.gravatar.com\/avatar\/c2f0e0d515a107624234994507816ca4724c7199cef73fc8bedebf6931d73888?s=96&d=mm&r=g\",\"contentUrl\":\"https:\/\/secure.gravatar.com\/avatar\/c2f0e0d515a107624234994507816ca4724c7199cef73fc8bedebf6931d73888?s=96&d=mm&r=g\",\"caption\":\"rubines\"},\"url\":\"https:\/\/dronero.info\/news\/author\/rubines\/\"}]}<\/script>\n<!-- \/ Yoast SEO plugin. -->","yoast_head_json":{"title":"Gozzi e Dame - Dronero.info","robots":{"index":"index","follow":"follow","max-snippet":"max-snippet:-1","max-image-preview":"max-image-preview:large","max-video-preview":"max-video-preview:-1"},"canonical":"https:\/\/dronero.info\/news\/2012\/04\/19\/gozzi-dame\/","og_locale":"it_IT","og_type":"article","og_title":"Gozzi e Dame - Dronero.info","og_description":"Cuba, 19.04.2012 Difficile stabilire se si tratti di una notizia storica oppure di una leggenda","og_url":"https:\/\/dronero.info\/news\/2012\/04\/19\/gozzi-dame\/","og_site_name":"Dronero.info","article_published_time":"2012-04-19T21:01:04+00:00","article_modified_time":"2020-07-10T10:31:29+00:00","og_image":[{"width":500,"height":314,"url":"https:\/\/dronero.info\/news\/images\/2019\/10\/damas-de-blanco.jpg","type":"image\/jpeg"}],"author":"rubines","twitter_card":"summary_large_image","twitter_misc":{"Scritto da":"rubines","Tempo di lettura stimato":"2 minuti"},"schema":{"@context":"https:\/\/schema.org","@graph":[{"@type":"Article","@id":"https:\/\/dronero.info\/news\/2012\/04\/19\/gozzi-dame\/#article","isPartOf":{"@id":"https:\/\/dronero.info\/news\/2012\/04\/19\/gozzi-dame\/"},"author":{"name":"rubines","@id":"https:\/\/dronero.info\/news\/#\/schema\/person\/1c3c7855ceeebd1edb28810e7e80a061"},"headline":"Gozzi e Dame","datePublished":"2012-04-19T21:01:04+00:00","dateModified":"2020-07-10T10:31:29+00:00","mainEntityOfPage":{"@id":"https:\/\/dronero.info\/news\/2012\/04\/19\/gozzi-dame\/"},"wordCount":498,"image":{"@id":"https:\/\/dronero.info\/news\/2012\/04\/19\/gozzi-dame\/#primaryimage"},"thumbnailUrl":"https:\/\/dronero.info\/news\/images\/2019\/10\/damas-de-blanco.jpg","keywords":["dritti e rovesci","eventi","religione"],"articleSection":["Cuneo","Mondo","Societ\u00e0"],"inLanguage":"it-IT"},{"@type":"WebPage","@id":"https:\/\/dronero.info\/news\/2012\/04\/19\/gozzi-dame\/","url":"https:\/\/dronero.info\/news\/2012\/04\/19\/gozzi-dame\/","name":"Gozzi e Dame - Dronero.info","isPartOf":{"@id":"https:\/\/dronero.info\/news\/#website"},"primaryImageOfPage":{"@id":"https:\/\/dronero.info\/news\/2012\/04\/19\/gozzi-dame\/#primaryimage"},"image":{"@id":"https:\/\/dronero.info\/news\/2012\/04\/19\/gozzi-dame\/#primaryimage"},"thumbnailUrl":"https:\/\/dronero.info\/news\/images\/2019\/10\/damas-de-blanco.jpg","datePublished":"2012-04-19T21:01:04+00:00","dateModified":"2020-07-10T10:31:29+00:00","author":{"@id":"https:\/\/dronero.info\/news\/#\/schema\/person\/1c3c7855ceeebd1edb28810e7e80a061"},"breadcrumb":{"@id":"https:\/\/dronero.info\/news\/2012\/04\/19\/gozzi-dame\/#breadcrumb"},"inLanguage":"it-IT","potentialAction":[{"@type":"ReadAction","target":["https:\/\/dronero.info\/news\/2012\/04\/19\/gozzi-dame\/"]}]},{"@type":"ImageObject","inLanguage":"it-IT","@id":"https:\/\/dronero.info\/news\/2012\/04\/19\/gozzi-dame\/#primaryimage","url":"https:\/\/dronero.info\/news\/images\/2019\/10\/damas-de-blanco.jpg","contentUrl":"https:\/\/dronero.info\/news\/images\/2019\/10\/damas-de-blanco.jpg","width":500,"height":314,"caption":"Le \"Damas de Blanco\" sfilano in silenzio ogni domenica a Cuba, arresti permettendo..."},{"@type":"BreadcrumbList","@id":"https:\/\/dronero.info\/news\/2012\/04\/19\/gozzi-dame\/#breadcrumb","itemListElement":[{"@type":"ListItem","position":1,"name":"Home","item":"https:\/\/dronero.info\/news\/"},{"@type":"ListItem","position":2,"name":"Gozzi e Dame"}]},{"@type":"WebSite","@id":"https:\/\/dronero.info\/news\/#website","url":"https:\/\/dronero.info\/news\/","name":"Dronero.info","description":"Notizie che meritano diffusione","potentialAction":[{"@type":"SearchAction","target":{"@type":"EntryPoint","urlTemplate":"https:\/\/dronero.info\/news\/?s={search_term_string}"},"query-input":{"@type":"PropertyValueSpecification","valueRequired":true,"valueName":"search_term_string"}}],"inLanguage":"it-IT"},{"@type":"Person","@id":"https:\/\/dronero.info\/news\/#\/schema\/person\/1c3c7855ceeebd1edb28810e7e80a061","name":"rubines","image":{"@type":"ImageObject","inLanguage":"it-IT","@id":"https:\/\/dronero.info\/news\/#\/schema\/person\/image\/","url":"https:\/\/secure.gravatar.com\/avatar\/c2f0e0d515a107624234994507816ca4724c7199cef73fc8bedebf6931d73888?s=96&d=mm&r=g","contentUrl":"https:\/\/secure.gravatar.com\/avatar\/c2f0e0d515a107624234994507816ca4724c7199cef73fc8bedebf6931d73888?s=96&d=mm&r=g","caption":"rubines"},"url":"https:\/\/dronero.info\/news\/author\/rubines\/"}]}},"views":24409,"_links":{"self":[{"href":"https:\/\/dronero.info\/news\/wp-json\/wp\/v2\/posts\/1","targetHints":{"allow":["GET"]}}],"collection":[{"href":"https:\/\/dronero.info\/news\/wp-json\/wp\/v2\/posts"}],"about":[{"href":"https:\/\/dronero.info\/news\/wp-json\/wp\/v2\/types\/post"}],"author":[{"embeddable":true,"href":"https:\/\/dronero.info\/news\/wp-json\/wp\/v2\/users\/1"}],"replies":[{"embeddable":true,"href":"https:\/\/dronero.info\/news\/wp-json\/wp\/v2\/comments?post=1"}],"version-history":[{"count":0,"href":"https:\/\/dronero.info\/news\/wp-json\/wp\/v2\/posts\/1\/revisions"}],"wp:featuredmedia":[{"embeddable":true,"href":"https:\/\/dronero.info\/news\/wp-json\/wp\/v2\/media\/27"}],"wp:attachment":[{"href":"https:\/\/dronero.info\/news\/wp-json\/wp\/v2\/media?parent=1"}],"wp:term":[{"taxonomy":"category","embeddable":true,"href":"https:\/\/dronero.info\/news\/wp-json\/wp\/v2\/categories?post=1"},{"taxonomy":"post_tag","embeddable":true,"href":"https:\/\/dronero.info\/news\/wp-json\/wp\/v2\/tags?post=1"}],"curies":[{"name":"wp","href":"https:\/\/api.w.org\/{rel}","templated":true}]}}